{"id":1218,"date":"2019-10-14T23:17:38","date_gmt":"2019-10-14T21:17:38","guid":{"rendered":"https:\/\/clients.webkrea.be\/kiwanis\/?p=1218"},"modified":"2021-08-31T23:19:37","modified_gmt":"2021-08-31T21:19:37","slug":"kc-arlon-passation-de-fonctions","status":"publish","type":"post","link":"https:\/\/webkrea.kiwanisbelux.site\/bruegel\/kc-arlon-passation-de-fonctions\/","title":{"rendered":"KC Arlon: Passation de fonctions"},"content":{"rendered":"<p>I<strong>ncontournable rendez-vous de d\u00e9but d&rsquo;ann\u00e9e kiwanienne<\/strong>, la soir\u00e9e de passation de fonctions du KC Arlon n&rsquo;a pas d\u00e9rog\u00e9 \u00e0 la tradition.<\/p>\n<p>En pr\u00e9sence de la Gouverneure Marie-Jeanne Vandenberghe et de nombreux repr\u00e9sentants de service-clubs du Sud Luxembourg, avant de c\u00e9der son collier \u00e0 Jean-Raymond Lichftfus, Anne Jost pr\u00e9sidente sortante tenait une fois encore \u00e0 s&rsquo;adresser aux membres du club : <strong>\u00ab\u00a0Je vous remercie pour cette belle aventure humaine v\u00e9cue au cours de ces douze derniers mois. Nous avons r\u00e9colt\u00e9 les fruits sem\u00e9s. Ces succ\u00e8s, sont les v\u00f4tres\u00a0\u00bb.<\/strong><\/p>\n<p>Apr\u00e8s avoir retrac\u00e9 sa \u00ab\u00a0d\u00e9couverte\u00a0\u00bb du Kiwanis, le nouveau pr\u00e9sident de pr\u00e9ciser : <strong>\u00a0\u00bb La barque ira toujours dans la m\u00eame direction. Celle du partage, de la coh\u00e9sion, de l\u2019amiti\u00e9, et du don de soi.\u00a0\u00bb<\/strong><\/p>\n<p><img loading=\"lazy\" class=\"alignnone size-medium wp-image-1219\" src=\"https:\/\/clients.webkrea.be\/kiwanis\/wp-content\/uploads\/sites\/22\/2021\/08\/arlon-1-200x300.jpg\" alt=\"\" width=\"200\" height=\"300\" srcset=\"https:\/\/webkrea.kiwanisbelux.site\/bruegel\/wp-content\/uploads\/sites\/22\/2021\/08\/arlon-1-200x301.jpg 200w, https:\/\/webkrea.kiwanisbelux.site\/bruegel\/wp-content\/uploads\/sites\/22\/2021\/08\/arlon-1-681x1024.jpg 681w, https:\/\/webkrea.kiwanisbelux.site\/bruegel\/wp-content\/uploads\/sites\/22\/2021\/08\/arlon-1-400x601.jpg 400w, https:\/\/webkrea.kiwanisbelux.site\/bruegel\/wp-content\/uploads\/sites\/22\/2021\/08\/arlon-1-600x902.jpg 600w, https:\/\/webkrea.kiwanisbelux.site\/bruegel\/wp-content\/uploads\/sites\/22\/2021\/08\/arlon-1.jpg 723w\" sizes=\"(max-width: 200px) 100vw, 200px\" \/><\/p>\n<p>C\u2019est dans cet \u00e9tat d\u2019esprit que j\u2019entame ma pr\u00e9sidence et pour garantir sa p\u00e9rennit\u00e9 durant toute l\u2019ann\u00e9e, je vous propose d\u2019analyser, chacun de votre c\u00f4t\u00e9, ce soir, demain ou apr\u00e8s, trois vocables qui me paraissent importants dans notre action. Le sens, l\u2019essence et la quintessence. Aujourd\u2019hui, je mets le pied \u00e0 l\u2019\u00e9trier pour une belle chevauch\u00e9e en votre compagnie. Nous serons donc une horde de 40 cavaliers galopant \u00e0 brides abattues vers notre Eldorado. Excusez-moi, je m\u2019emballe un peu mais cela me fait penser \u00e0 ces cavaliers indiens qui sont \u00e0 l\u2019origine du nom Kiwanis. Nunkee wan nis expression indienne signifiant : nous avons plaisir \u00e0 partager nos talents\u00a0\u00bb. Apr\u00e8s avoir rendu hommage \u00e0 son \u00e9pouse, Jean-Raymond Lichftfus d\u00e9voilait les grandes lignes de son ann\u00e9e de pr\u00e9sidence.<\/p>\n<ul>\n<li>Une premi\u00e8re conf\u00e9rence sur les drones d\u00e8s ce 31 octobre,<\/li>\n<li>La traditionnelle soir\u00e9e des v\u0153ux le 18 janvier,La nouvelle version de \u00ab\u00a0Sois belge et Tais-toi\u00a0\u00bb le 12 mars. Copieux et vari\u00e9 mais des nouveaut\u00e9s aussi figurent en bonne place .<\/li>\n<li>Les \u00ab\u00a012 Heures de Puzzle\u00a0\u00bb le 21 mars,<\/li>\n<li>Une soir\u00e9e western le 30 avril<\/li>\n<li>La soir\u00e9e des \u00ab\u00a0Grosses T\u00eates\u00a0\u00bb et \u00ab\u00a0Objectif 10.00\u00a0\u00bb dont nous aurons l&rsquo;occasion d&rsquo;en reparler.<\/li>\n<\/ul>\n<p>Pour l&rsquo;accompagner tout au long de cette ann\u00e9e kiwanienne, le nouveau pr\u00e9sident sera entour\u00e9 de Anne Jost (past pr\u00e9sidente), Ren\u00e9 Sigard (pr\u00e9sident \u00e9lect), Rodolphe Delm\u00e9e (secr\u00e9taire), Andr\u00e9 Moulu (tr\u00e9sorier) et des membres du bureau: Christine Thomas, Fabienne L\u00e9ger, G\u00e9rald Li\u00e9geois et Laurent Gavroy. Jean Guillaume.<\/p>\n<p><img loading=\"lazy\" class=\"alignnone size-medium wp-image-1222\" src=\"https:\/\/clients.webkrea.be\/kiwanis\/wp-content\/uploads\/sites\/22\/2021\/08\/Arlon-2-300x200.jpg\" alt=\"\" width=\"300\" height=\"200\" srcset=\"https:\/\/webkrea.kiwanisbelux.site\/bruegel\/wp-content\/uploads\/sites\/22\/2021\/08\/Arlon-2-300x200.jpg 300w, https:\/\/webkrea.kiwanisbelux.site\/bruegel\/wp-content\/uploads\/sites\/22\/2021\/08\/Arlon-2-1024x681.jpg 1024w, https:\/\/webkrea.kiwanisbelux.site\/bruegel\/wp-content\/uploads\/sites\/22\/2021\/08\/Arlon-2-768x511.jpg 768w, https:\/\/webkrea.kiwanisbelux.site\/bruegel\/wp-content\/uploads\/sites\/22\/2021\/08\/Arlon-2-200x133.jpg 200w, https:\/\/webkrea.kiwanisbelux.site\/bruegel\/wp-content\/uploads\/sites\/22\/2021\/08\/Arlon-2-400x266.jpg 400w, https:\/\/webkrea.kiwanisbelux.site\/bruegel\/wp-content\/uploads\/sites\/22\/2021\/08\/Arlon-2-600x399.jpg 600w, https:\/\/webkrea.kiwanisbelux.site\/bruegel\/wp-content\/uploads\/sites\/22\/2021\/08\/Arlon-2-800x532.jpg 800w, https:\/\/webkrea.kiwanisbelux.site\/bruegel\/wp-content\/uploads\/sites\/22\/2021\/08\/Arlon-2.jpg 1087w\" sizes=\"(max-width: 300px) 100vw, 300px\" \/><\/p>\n","protected":false},"excerpt":{"rendered":"<p>Incontournable rendez-vous de d\u00e9but d&rsquo;ann\u00e9e kiwanienne, la soir\u00e9e de passation de fonctions du KC Arlon n&rsquo;a pas d\u00e9rog\u00e9 \u00e0 la tradition. En pr\u00e9sence de la Gouverneure Marie-Jeanne Vandenberghe et de [&hellip;]<\/p>\n","protected":false},"author":2,"featured_media":0,"comment_status":"closed","ping_status":"closed","sticky":false,"template":"","format":"standard","meta":{"_et_pb_use_builder":"","_et_pb_old_content":"","_et_gb_content_width":""},"categories":[1],"tags":[],"yoast_head":"<!-- This site is optimized with the Yoast SEO plugin v19.8 - https:\/\/yoast.com\/wordpress\/plugins\/seo\/ -->\n<title>KC Arlon: Passation de fonctions - Kiwanis Dilbeek Bruegel<\/title>\n<meta name=\"robots\" content=\"noindex, follow, max-snippet:-1, max-image-preview:large, max-video-preview:-1\" \/>\n<meta property=\"og:locale\" content=\"fr_FR\" \/>\n<meta property=\"og:type\" content=\"article\" \/>\n<meta property=\"og:title\" content=\"KC Arlon: Passation de fonctions - Kiwanis Dilbeek Bruegel\" \/>\n<meta property=\"og:description\" content=\"Incontournable rendez-vous de d\u00e9but d&rsquo;ann\u00e9e kiwanienne, la soir\u00e9e de passation de fonctions du KC Arlon n&rsquo;a pas d\u00e9rog\u00e9 \u00e0 la tradition. En pr\u00e9sence de la Gouverneure Marie-Jeanne Vandenberghe et de [&hellip;]\" \/>\n<meta property=\"og:url\" content=\"https:\/\/webkrea.kiwanisbelux.site\/bruegel\/kc-arlon-passation-de-fonctions\/\" \/>\n<meta property=\"og:site_name\" content=\"Kiwanis Dilbeek Bruegel\" \/>\n<meta property=\"article:published_time\" content=\"2019-10-14T21:17:38+00:00\" \/>\n<meta property=\"article:modified_time\" content=\"2021-08-31T21:19:37+00:00\" \/>\n<meta property=\"og:image\" content=\"https:\/\/clients.webkrea.be\/kiwanis\/wp-content\/uploads\/sites\/22\/2021\/08\/arlon-1-200x300.jpg\" \/>\n<meta name=\"author\" content=\"Thierry Wergifosse\" \/>\n<meta name=\"twitter:card\" content=\"summary_large_image\" \/>\n<meta name=\"twitter:label1\" content=\"\u00c9crit par\" \/>\n\t<meta name=\"twitter:data1\" content=\"Thierry Wergifosse\" \/>\n\t<meta name=\"twitter:label2\" content=\"Dur\u00e9e de lecture estim\u00e9e\" \/>\n\t<meta name=\"twitter:data2\" content=\"2 minutes\" \/>\n<script type=\"application\/ld+json\" class=\"yoast-schema-graph\">{\"@context\":\"https:\/\/schema.org\",\"@graph\":[{\"@type\":\"Article\",\"@id\":\"https:\/\/webkrea.kiwanisbelux.site\/bruegel\/kc-arlon-passation-de-fonctions\/#article\",\"isPartOf\":{\"@id\":\"https:\/\/webkrea.kiwanisbelux.site\/bruegel\/kc-arlon-passation-de-fonctions\/\"},\"author\":{\"name\":\"Thierry Wergifosse\",\"@id\":\"https:\/\/webkrea.kiwanisbelux.site\/bruegel\/#\/schema\/person\/51abb82d931525a42a33e229312624ae\"},\"headline\":\"KC Arlon: Passation de fonctions\",\"datePublished\":\"2019-10-14T21:17:38+00:00\",\"dateModified\":\"2021-08-31T21:19:37+00:00\",\"mainEntityOfPage\":{\"@id\":\"https:\/\/webkrea.kiwanisbelux.site\/bruegel\/kc-arlon-passation-de-fonctions\/\"},\"wordCount\":405,\"publisher\":{\"@id\":\"https:\/\/webkrea.kiwanisbelux.site\/bruegel\/#organization\"},\"articleSection\":[\"Non classifi\u00e9(e)\"],\"inLanguage\":\"fr-FR\"},{\"@type\":\"WebPage\",\"@id\":\"https:\/\/webkrea.kiwanisbelux.site\/bruegel\/kc-arlon-passation-de-fonctions\/\",\"url\":\"https:\/\/webkrea.kiwanisbelux.site\/bruegel\/kc-arlon-passation-de-fonctions\/\",\"name\":\"KC Arlon: Passation de fonctions - Kiwanis Dilbeek Bruegel\",\"isPartOf\":{\"@id\":\"https:\/\/webkrea.kiwanisbelux.site\/bruegel\/#website\"},\"datePublished\":\"2019-10-14T21:17:38+00:00\",\"dateModified\":\"2021-08-31T21:19:37+00:00\",\"breadcrumb\":{\"@id\":\"https:\/\/webkrea.kiwanisbelux.site\/bruegel\/kc-arlon-passation-de-fonctions\/#breadcrumb\"},\"inLanguage\":\"fr-FR\",\"potentialAction\":[{\"@type\":\"ReadAction\",\"target\":[\"https:\/\/webkrea.kiwanisbelux.site\/bruegel\/kc-arlon-passation-de-fonctions\/\"]}]},{\"@type\":\"BreadcrumbList\",\"@id\":\"https:\/\/webkrea.kiwanisbelux.site\/bruegel\/kc-arlon-passation-de-fonctions\/#breadcrumb\",\"itemListElement\":[{\"@type\":\"ListItem\",\"position\":1,\"name\":\"Home\",\"item\":\"https:\/\/webkrea.kiwanisbelux.site\/bruegel\/\"},{\"@type\":\"ListItem\",\"position\":2,\"name\":\"KC Arlon: Passation de fonctions\"}]},{\"@type\":\"WebSite\",\"@id\":\"https:\/\/webkrea.kiwanisbelux.site\/bruegel\/#website\",\"url\":\"https:\/\/webkrea.kiwanisbelux.site\/bruegel\/\",\"name\":\"Kiwanis Dilbeek Bruegel\",\"description\":\"\",\"publisher\":{\"@id\":\"https:\/\/webkrea.kiwanisbelux.site\/bruegel\/#organization\"},\"potentialAction\":[{\"@type\":\"SearchAction\",\"target\":{\"@type\":\"EntryPoint\",\"urlTemplate\":\"https:\/\/webkrea.kiwanisbelux.site\/bruegel\/?s={search_term_string}\"},\"query-input\":\"required name=search_term_string\"}],\"inLanguage\":\"fr-FR\"},{\"@type\":\"Organization\",\"@id\":\"https:\/\/webkrea.kiwanisbelux.site\/bruegel\/#organization\",\"name\":\"Kiwanis\",\"url\":\"https:\/\/webkrea.kiwanisbelux.site\/bruegel\/\",\"sameAs\":[],\"logo\":{\"@type\":\"ImageObject\",\"inLanguage\":\"fr-FR\",\"@id\":\"https:\/\/webkrea.kiwanisbelux.site\/bruegel\/#\/schema\/logo\/image\/\",\"url\":\"https:\/\/webkrea.kiwanisbelux.site\/bruegel\/wp-content\/uploads\/sites\/22\/2021\/04\/kiwanis-logo@2x.png\",\"contentUrl\":\"https:\/\/webkrea.kiwanisbelux.site\/bruegel\/wp-content\/uploads\/sites\/22\/2021\/04\/kiwanis-logo@2x.png\",\"width\":555,\"height\":100,\"caption\":\"Kiwanis\"},\"image\":{\"@id\":\"https:\/\/webkrea.kiwanisbelux.site\/bruegel\/#\/schema\/logo\/image\/\"}},{\"@type\":\"Person\",\"@id\":\"https:\/\/webkrea.kiwanisbelux.site\/bruegel\/#\/schema\/person\/51abb82d931525a42a33e229312624ae\",\"name\":\"Thierry Wergifosse\",\"image\":{\"@type\":\"ImageObject\",\"inLanguage\":\"fr-FR\",\"@id\":\"https:\/\/webkrea.kiwanisbelux.site\/bruegel\/#\/schema\/person\/image\/\",\"url\":\"https:\/\/secure.gravatar.com\/avatar\/264f92f24514d2db99cc78de50296e65?s=96&d=mm&r=g\",\"contentUrl\":\"https:\/\/secure.gravatar.com\/avatar\/264f92f24514d2db99cc78de50296e65?s=96&d=mm&r=g\",\"caption\":\"Thierry Wergifosse\"},\"url\":\"https:\/\/webkrea.kiwanisbelux.site\/bruegel\/author\/thierry\/\"}]}<\/script>\n<!-- \/ Yoast SEO plugin. -->","yoast_head_json":{"title":"KC Arlon: Passation de fonctions - Kiwanis Dilbeek Bruegel","robots":{"index":"noindex","follow":"follow","max-snippet":"max-snippet:-1","max-image-preview":"max-image-preview:large","max-video-preview":"max-video-preview:-1"},"og_locale":"fr_FR","og_type":"article","og_title":"KC Arlon: Passation de fonctions - Kiwanis Dilbeek Bruegel","og_description":"Incontournable rendez-vous de d\u00e9but d&rsquo;ann\u00e9e kiwanienne, la soir\u00e9e de passation de fonctions du KC Arlon n&rsquo;a pas d\u00e9rog\u00e9 \u00e0 la tradition. En pr\u00e9sence de la Gouverneure Marie-Jeanne Vandenberghe et de [&hellip;]","og_url":"https:\/\/webkrea.kiwanisbelux.site\/bruegel\/kc-arlon-passation-de-fonctions\/","og_site_name":"Kiwanis Dilbeek Bruegel","article_published_time":"2019-10-14T21:17:38+00:00","article_modified_time":"2021-08-31T21:19:37+00:00","og_image":[{"url":"https:\/\/clients.webkrea.be\/kiwanis\/wp-content\/uploads\/sites\/22\/2021\/08\/arlon-1-200x300.jpg"}],"author":"Thierry Wergifosse","twitter_card":"summary_large_image","twitter_misc":{"\u00c9crit par":"Thierry Wergifosse","Dur\u00e9e de lecture estim\u00e9e":"2 minutes"},"schema":{"@context":"https:\/\/schema.org","@graph":[{"@type":"Article","@id":"https:\/\/webkrea.kiwanisbelux.site\/bruegel\/kc-arlon-passation-de-fonctions\/#article","isPartOf":{"@id":"https:\/\/webkrea.kiwanisbelux.site\/bruegel\/kc-arlon-passation-de-fonctions\/"},"author":{"name":"Thierry Wergifosse","@id":"https:\/\/webkrea.kiwanisbelux.site\/bruegel\/#\/schema\/person\/51abb82d931525a42a33e229312624ae"},"headline":"KC Arlon: Passation de fonctions","datePublished":"2019-10-14T21:17:38+00:00","dateModified":"2021-08-31T21:19:37+00:00","mainEntityOfPage":{"@id":"https:\/\/webkrea.kiwanisbelux.site\/bruegel\/kc-arlon-passation-de-fonctions\/"},"wordCount":405,"publisher":{"@id":"https:\/\/webkrea.kiwanisbelux.site\/bruegel\/#organization"},"articleSection":["Non classifi\u00e9(e)"],"inLanguage":"fr-FR"},{"@type":"WebPage","@id":"https:\/\/webkrea.kiwanisbelux.site\/bruegel\/kc-arlon-passation-de-fonctions\/","url":"https:\/\/webkrea.kiwanisbelux.site\/bruegel\/kc-arlon-passation-de-fonctions\/","name":"KC Arlon: Passation de fonctions - Kiwanis Dilbeek Bruegel","isPartOf":{"@id":"https:\/\/webkrea.kiwanisbelux.site\/bruegel\/#website"},"datePublished":"2019-10-14T21:17:38+00:00","dateModified":"2021-08-31T21:19:37+00:00","breadcrumb":{"@id":"https:\/\/webkrea.kiwanisbelux.site\/bruegel\/kc-arlon-passation-de-fonctions\/#breadcrumb"},"inLanguage":"fr-FR","potentialAction":[{"@type":"ReadAction","target":["https:\/\/webkrea.kiwanisbelux.site\/bruegel\/kc-arlon-passation-de-fonctions\/"]}]},{"@type":"BreadcrumbList","@id":"https:\/\/webkrea.kiwanisbelux.site\/bruegel\/kc-arlon-passation-de-fonctions\/#breadcrumb","itemListElement":[{"@type":"ListItem","position":1,"name":"Home","item":"https:\/\/webkrea.kiwanisbelux.site\/bruegel\/"},{"@type":"ListItem","position":2,"name":"KC Arlon: Passation de fonctions"}]},{"@type":"WebSite","@id":"https:\/\/webkrea.kiwanisbelux.site\/bruegel\/#website","url":"https:\/\/webkrea.kiwanisbelux.site\/bruegel\/","name":"Kiwanis Dilbeek Bruegel","description":"","publisher":{"@id":"https:\/\/webkrea.kiwanisbelux.site\/bruegel\/#organization"},"potentialAction":[{"@type":"SearchAction","target":{"@type":"EntryPoint","urlTemplate":"https:\/\/webkrea.kiwanisbelux.site\/bruegel\/?s={search_term_string}"},"query-input":"required name=search_term_string"}],"inLanguage":"fr-FR"},{"@type":"Organization","@id":"https:\/\/webkrea.kiwanisbelux.site\/bruegel\/#organization","name":"Kiwanis","url":"https:\/\/webkrea.kiwanisbelux.site\/bruegel\/","sameAs":[],"logo":{"@type":"ImageObject","inLanguage":"fr-FR","@id":"https:\/\/webkrea.kiwanisbelux.site\/bruegel\/#\/schema\/logo\/image\/","url":"https:\/\/webkrea.kiwanisbelux.site\/bruegel\/wp-content\/uploads\/sites\/22\/2021\/04\/kiwanis-logo@2x.png","contentUrl":"https:\/\/webkrea.kiwanisbelux.site\/bruegel\/wp-content\/uploads\/sites\/22\/2021\/04\/kiwanis-logo@2x.png","width":555,"height":100,"caption":"Kiwanis"},"image":{"@id":"https:\/\/webkrea.kiwanisbelux.site\/bruegel\/#\/schema\/logo\/image\/"}},{"@type":"Person","@id":"https:\/\/webkrea.kiwanisbelux.site\/bruegel\/#\/schema\/person\/51abb82d931525a42a33e229312624ae","name":"Thierry Wergifosse","image":{"@type":"ImageObject","inLanguage":"fr-FR","@id":"https:\/\/webkrea.kiwanisbelux.site\/bruegel\/#\/schema\/person\/image\/","url":"https:\/\/secure.gravatar.com\/avatar\/264f92f24514d2db99cc78de50296e65?s=96&d=mm&r=g","contentUrl":"https:\/\/secure.gravatar.com\/avatar\/264f92f24514d2db99cc78de50296e65?s=96&d=mm&r=g","caption":"Thierry Wergifosse"},"url":"https:\/\/webkrea.kiwanisbelux.site\/bruegel\/author\/thierry\/"}]}},"_links":{"self":[{"href":"https:\/\/webkrea.kiwanisbelux.site\/bruegel\/wp-json\/wp\/v2\/posts\/1218"}],"collection":[{"href":"https:\/\/webkrea.kiwanisbelux.site\/bruegel\/wp-json\/wp\/v2\/posts"}],"about":[{"href":"https:\/\/webkrea.kiwanisbelux.site\/bruegel\/wp-json\/wp\/v2\/types\/post"}],"author":[{"embeddable":true,"href":"https:\/\/webkrea.kiwanisbelux.site\/bruegel\/wp-json\/wp\/v2\/users\/2"}],"replies":[{"embeddable":true,"href":"https:\/\/webkrea.kiwanisbelux.site\/bruegel\/wp-json\/wp\/v2\/comments?post=1218"}],"version-history":[{"count":1,"href":"https:\/\/webkrea.kiwanisbelux.site\/bruegel\/wp-json\/wp\/v2\/posts\/1218\/revisions"}],"predecessor-version":[{"id":1225,"href":"https:\/\/webkrea.kiwanisbelux.site\/bruegel\/wp-json\/wp\/v2\/posts\/1218\/revisions\/1225"}],"wp:attachment":[{"href":"https:\/\/webkrea.kiwanisbelux.site\/bruegel\/wp-json\/wp\/v2\/media?parent=1218"}],"wp:term":[{"taxonomy":"category","embeddable":true,"href":"https:\/\/webkrea.kiwanisbelux.site\/bruegel\/wp-json\/wp\/v2\/categories?post=1218"},{"taxonomy":"post_tag","embeddable":true,"href":"https:\/\/webkrea.kiwanisbelux.site\/bruegel\/wp-json\/wp\/v2\/tags?post=1218"}],"curies":[{"name":"wp","href":"https:\/\/api.w.org\/{rel}","templated":true}]}}