{"id":1196,"date":"2019-10-27T23:10:47","date_gmt":"2019-10-27T22:10:47","guid":{"rendered":"https:\/\/clients.webkrea.be\/kiwanis\/?p=1196"},"modified":"2021-08-31T23:11:32","modified_gmt":"2021-08-31T21:11:32","slug":"halloween-31-10-tirlemont","status":"publish","type":"post","link":"https:\/\/webkrea.kiwanisbelux.site\/bruegel\/halloween-31-10-tirlemont\/","title":{"rendered":"Halloween 31\/10 &#8211; Tirlemont"},"content":{"rendered":"<p id=\"tw-target-text\" class=\"tw-data-text tw-text-large tw-ta\" dir=\"ltr\" data-placeholder=\"Traduction\"><span lang=\"fr\" tabindex=\"0\">Selon la tradition annuelle, le Kiwanis Young Professionals Tienen sera pr\u00e9sent <strong>le 31 octobre \u00e0 la Leuvensestraat de Tirlemont<\/strong> lors de la nuit d\u2019halloween.<\/span><\/p>\n<p class=\"tw-data-text tw-text-large tw-ta\" dir=\"ltr\" data-placeholder=\"Traduction\">La Van Leuvensestraat sera compl\u00e8tement transform\u00e9e et il y aura de nombreux stands pr\u00e9sents o\u00f9 vous pourrez d\u00e9guster de nombreuses sp\u00e9cialit\u00e9s.<\/p>\n<p class=\"tw-data-text tw-text-large tw-ta\" dir=\"ltr\" data-placeholder=\"Traduction\">Nous vous invitons \u00e0 venir nous rejoindre pour manger une pastisserie ou boire une verre en toute amiti\u00e9.<\/p>\n<p class=\"tw-data-text tw-text-large tw-ta\" dir=\"ltr\" data-placeholder=\"Traduction\">Le r\u00e9sultat de cette activit\u00e9 sera enti\u00e8rement vers\u00e9 aux b\u00e9n\u00e9fices de nos oeuvres sociales. Nous esp\u00e9rons que vous serez tr\u00e8s nombreux \u00e0 y participer!<\/p>\n","protected":false},"excerpt":{"rendered":"<p>Selon la tradition annuelle, le Kiwanis Young Professionals Tienen sera pr\u00e9sent le 31 octobre \u00e0 la Leuvensestraat de Tirlemont lors de la nuit d\u2019halloween. La Van Leuvensestraat sera compl\u00e8tement transform\u00e9e [&hellip;]<\/p>\n","protected":false},"author":2,"featured_media":0,"comment_status":"closed","ping_status":"closed","sticky":false,"template":"","format":"standard","meta":{"_et_pb_use_builder":"","_et_pb_old_content":"","_et_gb_content_width":""},"categories":[1],"tags":[],"yoast_head":"<!-- This site is optimized with the Yoast SEO plugin v19.8 - https:\/\/yoast.com\/wordpress\/plugins\/seo\/ -->\n<title>Halloween 31\/10 - Tirlemont - Kiwanis Dilbeek Bruegel<\/title>\n<meta name=\"robots\" content=\"noindex, follow, max-snippet:-1, max-image-preview:large, max-video-preview:-1\" \/>\n<meta property=\"og:locale\" content=\"fr_FR\" \/>\n<meta property=\"og:type\" content=\"article\" \/>\n<meta property=\"og:title\" content=\"Halloween 31\/10 - Tirlemont - Kiwanis Dilbeek Bruegel\" \/>\n<meta property=\"og:description\" content=\"Selon la tradition annuelle, le Kiwanis Young Professionals Tienen sera pr\u00e9sent le 31 octobre \u00e0 la Leuvensestraat de Tirlemont lors de la nuit d\u2019halloween. La Van Leuvensestraat sera compl\u00e8tement transform\u00e9e [&hellip;]\" \/>\n<meta property=\"og:url\" content=\"https:\/\/webkrea.kiwanisbelux.site\/bruegel\/halloween-31-10-tirlemont\/\" \/>\n<meta property=\"og:site_name\" content=\"Kiwanis Dilbeek Bruegel\" \/>\n<meta property=\"article:published_time\" content=\"2019-10-27T22:10:47+00:00\" \/>\n<meta property=\"article:modified_time\" content=\"2021-08-31T21:11:32+00:00\" \/>\n<meta name=\"author\" content=\"Thierry Wergifosse\" \/>\n<meta name=\"twitter:card\" content=\"summary_large_image\" \/>\n<meta name=\"twitter:label1\" content=\"\u00c9crit par\" \/>\n\t<meta name=\"twitter:data1\" content=\"Thierry Wergifosse\" \/>\n<script type=\"application\/ld+json\" class=\"yoast-schema-graph\">{\"@context\":\"https:\/\/schema.org\",\"@graph\":[{\"@type\":\"Article\",\"@id\":\"https:\/\/webkrea.kiwanisbelux.site\/bruegel\/halloween-31-10-tirlemont\/#article\",\"isPartOf\":{\"@id\":\"https:\/\/webkrea.kiwanisbelux.site\/bruegel\/halloween-31-10-tirlemont\/\"},\"author\":{\"name\":\"Thierry Wergifosse\",\"@id\":\"https:\/\/webkrea.kiwanisbelux.site\/bruegel\/#\/schema\/person\/51abb82d931525a42a33e229312624ae\"},\"headline\":\"Halloween 31\/10 &#8211; Tirlemont\",\"datePublished\":\"2019-10-27T22:10:47+00:00\",\"dateModified\":\"2021-08-31T21:11:32+00:00\",\"mainEntityOfPage\":{\"@id\":\"https:\/\/webkrea.kiwanisbelux.site\/bruegel\/halloween-31-10-tirlemont\/\"},\"wordCount\":100,\"publisher\":{\"@id\":\"https:\/\/webkrea.kiwanisbelux.site\/bruegel\/#organization\"},\"articleSection\":[\"Non classifi\u00e9(e)\"],\"inLanguage\":\"fr-FR\"},{\"@type\":\"WebPage\",\"@id\":\"https:\/\/webkrea.kiwanisbelux.site\/bruegel\/halloween-31-10-tirlemont\/\",\"url\":\"https:\/\/webkrea.kiwanisbelux.site\/bruegel\/halloween-31-10-tirlemont\/\",\"name\":\"Halloween 31\/10 - Tirlemont - Kiwanis Dilbeek Bruegel\",\"isPartOf\":{\"@id\":\"https:\/\/webkrea.kiwanisbelux.site\/bruegel\/#website\"},\"datePublished\":\"2019-10-27T22:10:47+00:00\",\"dateModified\":\"2021-08-31T21:11:32+00:00\",\"breadcrumb\":{\"@id\":\"https:\/\/webkrea.kiwanisbelux.site\/bruegel\/halloween-31-10-tirlemont\/#breadcrumb\"},\"inLanguage\":\"fr-FR\",\"potentialAction\":[{\"@type\":\"ReadAction\",\"target\":[\"https:\/\/webkrea.kiwanisbelux.site\/bruegel\/halloween-31-10-tirlemont\/\"]}]},{\"@type\":\"BreadcrumbList\",\"@id\":\"https:\/\/webkrea.kiwanisbelux.site\/bruegel\/halloween-31-10-tirlemont\/#breadcrumb\",\"itemListElement\":[{\"@type\":\"ListItem\",\"position\":1,\"name\":\"Home\",\"item\":\"https:\/\/webkrea.kiwanisbelux.site\/bruegel\/\"},{\"@type\":\"ListItem\",\"position\":2,\"name\":\"Halloween 31\/10 &#8211; Tirlemont\"}]},{\"@type\":\"WebSite\",\"@id\":\"https:\/\/webkrea.kiwanisbelux.site\/bruegel\/#website\",\"url\":\"https:\/\/webkrea.kiwanisbelux.site\/bruegel\/\",\"name\":\"Kiwanis Dilbeek Bruegel\",\"description\":\"\",\"publisher\":{\"@id\":\"https:\/\/webkrea.kiwanisbelux.site\/bruegel\/#organization\"},\"potentialAction\":[{\"@type\":\"SearchAction\",\"target\":{\"@type\":\"EntryPoint\",\"urlTemplate\":\"https:\/\/webkrea.kiwanisbelux.site\/bruegel\/?s={search_term_string}\"},\"query-input\":\"required name=search_term_string\"}],\"inLanguage\":\"fr-FR\"},{\"@type\":\"Organization\",\"@id\":\"https:\/\/webkrea.kiwanisbelux.site\/bruegel\/#organization\",\"name\":\"Kiwanis\",\"url\":\"https:\/\/webkrea.kiwanisbelux.site\/bruegel\/\",\"sameAs\":[],\"logo\":{\"@type\":\"ImageObject\",\"inLanguage\":\"fr-FR\",\"@id\":\"https:\/\/webkrea.kiwanisbelux.site\/bruegel\/#\/schema\/logo\/image\/\",\"url\":\"https:\/\/webkrea.kiwanisbelux.site\/bruegel\/wp-content\/uploads\/sites\/22\/2021\/04\/kiwanis-logo@2x.png\",\"contentUrl\":\"https:\/\/webkrea.kiwanisbelux.site\/bruegel\/wp-content\/uploads\/sites\/22\/2021\/04\/kiwanis-logo@2x.png\",\"width\":555,\"height\":100,\"caption\":\"Kiwanis\"},\"image\":{\"@id\":\"https:\/\/webkrea.kiwanisbelux.site\/bruegel\/#\/schema\/logo\/image\/\"}},{\"@type\":\"Person\",\"@id\":\"https:\/\/webkrea.kiwanisbelux.site\/bruegel\/#\/schema\/person\/51abb82d931525a42a33e229312624ae\",\"name\":\"Thierry Wergifosse\",\"image\":{\"@type\":\"ImageObject\",\"inLanguage\":\"fr-FR\",\"@id\":\"https:\/\/webkrea.kiwanisbelux.site\/bruegel\/#\/schema\/person\/image\/\",\"url\":\"https:\/\/secure.gravatar.com\/avatar\/264f92f24514d2db99cc78de50296e65?s=96&d=mm&r=g\",\"contentUrl\":\"https:\/\/secure.gravatar.com\/avatar\/264f92f24514d2db99cc78de50296e65?s=96&d=mm&r=g\",\"caption\":\"Thierry Wergifosse\"},\"url\":\"https:\/\/webkrea.kiwanisbelux.site\/bruegel\/author\/thierry\/\"}]}<\/script>\n<!-- \/ Yoast SEO plugin. -->","yoast_head_json":{"title":"Halloween 31\/10 - Tirlemont - Kiwanis Dilbeek Bruegel","robots":{"index":"noindex","follow":"follow","max-snippet":"max-snippet:-1","max-image-preview":"max-image-preview:large","max-video-preview":"max-video-preview:-1"},"og_locale":"fr_FR","og_type":"article","og_title":"Halloween 31\/10 - Tirlemont - Kiwanis Dilbeek Bruegel","og_description":"Selon la tradition annuelle, le Kiwanis Young Professionals Tienen sera pr\u00e9sent le 31 octobre \u00e0 la Leuvensestraat de Tirlemont lors de la nuit d\u2019halloween. La Van Leuvensestraat sera compl\u00e8tement transform\u00e9e [&hellip;]","og_url":"https:\/\/webkrea.kiwanisbelux.site\/bruegel\/halloween-31-10-tirlemont\/","og_site_name":"Kiwanis Dilbeek Bruegel","article_published_time":"2019-10-27T22:10:47+00:00","article_modified_time":"2021-08-31T21:11:32+00:00","author":"Thierry Wergifosse","twitter_card":"summary_large_image","twitter_misc":{"\u00c9crit par":"Thierry Wergifosse"},"schema":{"@context":"https:\/\/schema.org","@graph":[{"@type":"Article","@id":"https:\/\/webkrea.kiwanisbelux.site\/bruegel\/halloween-31-10-tirlemont\/#article","isPartOf":{"@id":"https:\/\/webkrea.kiwanisbelux.site\/bruegel\/halloween-31-10-tirlemont\/"},"author":{"name":"Thierry Wergifosse","@id":"https:\/\/webkrea.kiwanisbelux.site\/bruegel\/#\/schema\/person\/51abb82d931525a42a33e229312624ae"},"headline":"Halloween 31\/10 &#8211; Tirlemont","datePublished":"2019-10-27T22:10:47+00:00","dateModified":"2021-08-31T21:11:32+00:00","mainEntityOfPage":{"@id":"https:\/\/webkrea.kiwanisbelux.site\/bruegel\/halloween-31-10-tirlemont\/"},"wordCount":100,"publisher":{"@id":"https:\/\/webkrea.kiwanisbelux.site\/bruegel\/#organization"},"articleSection":["Non classifi\u00e9(e)"],"inLanguage":"fr-FR"},{"@type":"WebPage","@id":"https:\/\/webkrea.kiwanisbelux.site\/bruegel\/halloween-31-10-tirlemont\/","url":"https:\/\/webkrea.kiwanisbelux.site\/bruegel\/halloween-31-10-tirlemont\/","name":"Halloween 31\/10 - Tirlemont - Kiwanis Dilbeek Bruegel","isPartOf":{"@id":"https:\/\/webkrea.kiwanisbelux.site\/bruegel\/#website"},"datePublished":"2019-10-27T22:10:47+00:00","dateModified":"2021-08-31T21:11:32+00:00","breadcrumb":{"@id":"https:\/\/webkrea.kiwanisbelux.site\/bruegel\/halloween-31-10-tirlemont\/#breadcrumb"},"inLanguage":"fr-FR","potentialAction":[{"@type":"ReadAction","target":["https:\/\/webkrea.kiwanisbelux.site\/bruegel\/halloween-31-10-tirlemont\/"]}]},{"@type":"BreadcrumbList","@id":"https:\/\/webkrea.kiwanisbelux.site\/bruegel\/halloween-31-10-tirlemont\/#breadcrumb","itemListElement":[{"@type":"ListItem","position":1,"name":"Home","item":"https:\/\/webkrea.kiwanisbelux.site\/bruegel\/"},{"@type":"ListItem","position":2,"name":"Halloween 31\/10 &#8211; Tirlemont"}]},{"@type":"WebSite","@id":"https:\/\/webkrea.kiwanisbelux.site\/bruegel\/#website","url":"https:\/\/webkrea.kiwanisbelux.site\/bruegel\/","name":"Kiwanis Dilbeek Bruegel","description":"","publisher":{"@id":"https:\/\/webkrea.kiwanisbelux.site\/bruegel\/#organization"},"potentialAction":[{"@type":"SearchAction","target":{"@type":"EntryPoint","urlTemplate":"https:\/\/webkrea.kiwanisbelux.site\/bruegel\/?s={search_term_string}"},"query-input":"required name=search_term_string"}],"inLanguage":"fr-FR"},{"@type":"Organization","@id":"https:\/\/webkrea.kiwanisbelux.site\/bruegel\/#organization","name":"Kiwanis","url":"https:\/\/webkrea.kiwanisbelux.site\/bruegel\/","sameAs":[],"logo":{"@type":"ImageObject","inLanguage":"fr-FR","@id":"https:\/\/webkrea.kiwanisbelux.site\/bruegel\/#\/schema\/logo\/image\/","url":"https:\/\/webkrea.kiwanisbelux.site\/bruegel\/wp-content\/uploads\/sites\/22\/2021\/04\/kiwanis-logo@2x.png","contentUrl":"https:\/\/webkrea.kiwanisbelux.site\/bruegel\/wp-content\/uploads\/sites\/22\/2021\/04\/kiwanis-logo@2x.png","width":555,"height":100,"caption":"Kiwanis"},"image":{"@id":"https:\/\/webkrea.kiwanisbelux.site\/bruegel\/#\/schema\/logo\/image\/"}},{"@type":"Person","@id":"https:\/\/webkrea.kiwanisbelux.site\/bruegel\/#\/schema\/person\/51abb82d931525a42a33e229312624ae","name":"Thierry Wergifosse","image":{"@type":"ImageObject","inLanguage":"fr-FR","@id":"https:\/\/webkrea.kiwanisbelux.site\/bruegel\/#\/schema\/person\/image\/","url":"https:\/\/secure.gravatar.com\/avatar\/264f92f24514d2db99cc78de50296e65?s=96&d=mm&r=g","contentUrl":"https:\/\/secure.gravatar.com\/avatar\/264f92f24514d2db99cc78de50296e65?s=96&d=mm&r=g","caption":"Thierry Wergifosse"},"url":"https:\/\/webkrea.kiwanisbelux.site\/bruegel\/author\/thierry\/"}]}},"_links":{"self":[{"href":"https:\/\/webkrea.kiwanisbelux.site\/bruegel\/wp-json\/wp\/v2\/posts\/1196"}],"collection":[{"href":"https:\/\/webkrea.kiwanisbelux.site\/bruegel\/wp-json\/wp\/v2\/posts"}],"about":[{"href":"https:\/\/webkrea.kiwanisbelux.site\/bruegel\/wp-json\/wp\/v2\/types\/post"}],"author":[{"embeddable":true,"href":"https:\/\/webkrea.kiwanisbelux.site\/bruegel\/wp-json\/wp\/v2\/users\/2"}],"replies":[{"embeddable":true,"href":"https:\/\/webkrea.kiwanisbelux.site\/bruegel\/wp-json\/wp\/v2\/comments?post=1196"}],"version-history":[{"count":1,"href":"https:\/\/webkrea.kiwanisbelux.site\/bruegel\/wp-json\/wp\/v2\/posts\/1196\/revisions"}],"predecessor-version":[{"id":1197,"href":"https:\/\/webkrea.kiwanisbelux.site\/bruegel\/wp-json\/wp\/v2\/posts\/1196\/revisions\/1197"}],"wp:attachment":[{"href":"https:\/\/webkrea.kiwanisbelux.site\/bruegel\/wp-json\/wp\/v2\/media?parent=1196"}],"wp:term":[{"taxonomy":"category","embeddable":true,"href":"https:\/\/webkrea.kiwanisbelux.site\/bruegel\/wp-json\/wp\/v2\/categories?post=1196"},{"taxonomy":"post_tag","embeddable":true,"href":"https:\/\/webkrea.kiwanisbelux.site\/bruegel\/wp-json\/wp\/v2\/tags?post=1196"}],"curies":[{"name":"wp","href":"https:\/\/api.w.org\/{rel}","templated":true}]}}