{"id":1188,"date":"2019-11-09T23:08:00","date_gmt":"2019-11-09T22:08:00","guid":{"rendered":"https:\/\/clients.webkrea.be\/kiwanis\/?p=1188"},"modified":"2021-08-31T23:10:34","modified_gmt":"2021-08-31T21:10:34","slug":"chartage-bachten-de-kupe-la-joconde","status":"publish","type":"post","link":"https:\/\/webkrea.kiwanisbelux.site\/bruegel\/chartage-bachten-de-kupe-la-joconde\/","title":{"rendered":"Chartage Bachten de Kupe, La Joconde\u201d"},"content":{"rendered":"<p>C&rsquo;est avec une grande fiert\u00e9 que nous vous pr\u00e9sentons le communiqu\u00e9 de presse concernant la Chartage du Kiwanis Bachten de kupe, La Joconde.<\/p>\n<p><img loading=\"lazy\" class=\"alignnone size-medium wp-image-1189\" src=\"https:\/\/clients.webkrea.be\/kiwanis\/wp-content\/uploads\/sites\/22\/2021\/08\/KIWANIS_LOGO-226x300.jpg\" alt=\"\" width=\"226\" height=\"300\" srcset=\"https:\/\/webkrea.kiwanisbelux.site\/bruegel\/wp-content\/uploads\/sites\/22\/2021\/08\/KIWANIS_LOGO-226x300.jpg 226w, https:\/\/webkrea.kiwanisbelux.site\/bruegel\/wp-content\/uploads\/sites\/22\/2021\/08\/KIWANIS_LOGO-200x266.jpg 200w, https:\/\/webkrea.kiwanisbelux.site\/bruegel\/wp-content\/uploads\/sites\/22\/2021\/08\/KIWANIS_LOGO-400x532.jpg 400w, https:\/\/webkrea.kiwanisbelux.site\/bruegel\/wp-content\/uploads\/sites\/22\/2021\/08\/KIWANIS_LOGO.jpg 592w\" sizes=\"(max-width: 226px) 100vw, 226px\" \/><\/p>\n<p><a href=\"http:\/\/www.kiwanis.be\/fotos\/40\/Bachten-de-kupe-La-Joconde\">plus de photos<\/a><\/p>\n<p>La Charte du samedi 9 novembre 2019 est le d\u00e9but officiel pour notre club en tant que noyau \u00e0 part enti\u00e8re du r\u00e9seau Kiwanis.<\/p>\n<p>De gauche \u00e0 droite Ann van Severen (Leisele) la past-Pr\u00e9sidente et pr\u00e9sidente fondatrice<\/p>\n<p>V\u00e9ronique Neut (Leisele) la Pr\u00e9sidente 2019-2020<\/p>\n<p>Sylvie Tourlousse (Ramskapelle) la pr\u00e9sidente \u00e9lect 2020-2021<\/p>\n<p><img loading=\"lazy\" class=\"alignnone size-medium wp-image-1192\" src=\"https:\/\/clients.webkrea.be\/kiwanis\/wp-content\/uploads\/sites\/22\/2021\/08\/Foto-stichtend-voorzitter-huidig-elect-2019-2020-300x225.jpg\" alt=\"\" width=\"300\" height=\"225\" srcset=\"https:\/\/webkrea.kiwanisbelux.site\/bruegel\/wp-content\/uploads\/sites\/22\/2021\/08\/Foto-stichtend-voorzitter-huidig-elect-2019-2020-300x225.jpg 300w, https:\/\/webkrea.kiwanisbelux.site\/bruegel\/wp-content\/uploads\/sites\/22\/2021\/08\/Foto-stichtend-voorzitter-huidig-elect-2019-2020-1024x768.jpg 1024w, https:\/\/webkrea.kiwanisbelux.site\/bruegel\/wp-content\/uploads\/sites\/22\/2021\/08\/Foto-stichtend-voorzitter-huidig-elect-2019-2020-768x576.jpg 768w, https:\/\/webkrea.kiwanisbelux.site\/bruegel\/wp-content\/uploads\/sites\/22\/2021\/08\/Foto-stichtend-voorzitter-huidig-elect-2019-2020-1536x1152.jpg 1536w, https:\/\/webkrea.kiwanisbelux.site\/bruegel\/wp-content\/uploads\/sites\/22\/2021\/08\/Foto-stichtend-voorzitter-huidig-elect-2019-2020-200x150.jpg 200w, https:\/\/webkrea.kiwanisbelux.site\/bruegel\/wp-content\/uploads\/sites\/22\/2021\/08\/Foto-stichtend-voorzitter-huidig-elect-2019-2020-400x300.jpg 400w, https:\/\/webkrea.kiwanisbelux.site\/bruegel\/wp-content\/uploads\/sites\/22\/2021\/08\/Foto-stichtend-voorzitter-huidig-elect-2019-2020-600x450.jpg 600w, https:\/\/webkrea.kiwanisbelux.site\/bruegel\/wp-content\/uploads\/sites\/22\/2021\/08\/Foto-stichtend-voorzitter-huidig-elect-2019-2020-800x600.jpg 800w, https:\/\/webkrea.kiwanisbelux.site\/bruegel\/wp-content\/uploads\/sites\/22\/2021\/08\/Foto-stichtend-voorzitter-huidig-elect-2019-2020-1200x900.jpg 1200w, https:\/\/webkrea.kiwanisbelux.site\/bruegel\/wp-content\/uploads\/sites\/22\/2021\/08\/Foto-stichtend-voorzitter-huidig-elect-2019-2020.jpg 1920w\" sizes=\"(max-width: 300px) 100vw, 300px\" \/><\/p>\n<p>Apr\u00e8s un d\u00e9marrage de pr\u00e8s de 2 ans, notre club est d\u00e9finitivement sur la carte !<\/p>\n<p><strong>Le samedi 9 novembre 2019<\/strong> \u00e0 17h \u00ab\u00a0<strong>Kiwanis ladies Bachten de Kupe, La Joconde<\/strong>\u00a0\u00bb recevra la Charte officielle du r\u00e9seau Kiwanis National &amp; International.<\/p>\n<p>Nous vous invitons donc, membres de la presse, \u00e0 assister \u00e0 ce moment unique. Ensuite, nous vous donnerons une bouteille de Picon de notre propre \u00e9tiquette.<\/p>\n<p>La s\u00e9ance solennelle en pr\u00e9sence du Kiwanis National et International, du Bourgmestre G. Liefooghe et de nos 18 dames auront lieu \u00e0 la Maison communale d&rsquo;Alveringem.<\/p>\n<p>Dans l&rsquo;int\u00e9r\u00eat de nos objectifs sociaux et de la reconnaissance de notre club, nous vous demandons votre soutien sympathique et votre publication dans votre m\u00e9dia.<\/p>\n<p>Ces derni\u00e8res ann\u00e9es, les dames Kiwanis ont travaill\u00e9 sur divers projets sociaux, par exemple lors des march\u00e9s r\u00e9gionaux locaux (avec leur Picon La Joconde fait \u00e0 la main),<\/p>\n<p>Par le biais du projet FIETS ! dans l&rsquo;int\u00e9r\u00eat des enfants ayant une question d&rsquo;urgence \u00e0 proximit\u00e9 imm\u00e9diate.<\/p>\n<p>N&rsquo;h\u00e9sitez pas \u00e0 me contacter pour de plus amples informations.<\/p>\n<p>Bien cordialement,<\/p>\n<p>Christel Veris<\/p>\n<p>Presse &amp; communication Kiwanis ladies Bachten de Kupe La Joconde<\/p>\n","protected":false},"excerpt":{"rendered":"<p>C&rsquo;est avec une grande fiert\u00e9 que nous vous pr\u00e9sentons le communiqu\u00e9 de presse concernant la Chartage du Kiwanis Bachten de kupe, La Joconde. plus de photos La Charte du samedi [&hellip;]<\/p>\n","protected":false},"author":2,"featured_media":0,"comment_status":"closed","ping_status":"closed","sticky":false,"template":"","format":"standard","meta":{"_et_pb_use_builder":"","_et_pb_old_content":"","_et_gb_content_width":""},"categories":[1],"tags":[],"yoast_head":"<!-- This site is optimized with the Yoast SEO plugin v19.8 - https:\/\/yoast.com\/wordpress\/plugins\/seo\/ -->\n<title>Chartage Bachten de Kupe, La Joconde\u201d - Kiwanis Dilbeek Bruegel<\/title>\n<meta name=\"robots\" content=\"noindex, follow, max-snippet:-1, max-image-preview:large, max-video-preview:-1\" \/>\n<meta property=\"og:locale\" content=\"fr_FR\" \/>\n<meta property=\"og:type\" content=\"article\" \/>\n<meta property=\"og:title\" content=\"Chartage Bachten de Kupe, La Joconde\u201d - Kiwanis Dilbeek Bruegel\" \/>\n<meta property=\"og:description\" content=\"C&rsquo;est avec une grande fiert\u00e9 que nous vous pr\u00e9sentons le communiqu\u00e9 de presse concernant la Chartage du Kiwanis Bachten de kupe, La Joconde. plus de photos La Charte du samedi [&hellip;]\" \/>\n<meta property=\"og:url\" content=\"https:\/\/webkrea.kiwanisbelux.site\/bruegel\/chartage-bachten-de-kupe-la-joconde\/\" \/>\n<meta property=\"og:site_name\" content=\"Kiwanis Dilbeek Bruegel\" \/>\n<meta property=\"article:published_time\" content=\"2019-11-09T22:08:00+00:00\" \/>\n<meta property=\"article:modified_time\" content=\"2021-08-31T21:10:34+00:00\" \/>\n<meta property=\"og:image\" content=\"https:\/\/clients.webkrea.be\/kiwanis\/wp-content\/uploads\/sites\/22\/2021\/08\/KIWANIS_LOGO-226x300.jpg\" \/>\n<meta name=\"author\" content=\"Thierry Wergifosse\" \/>\n<meta name=\"twitter:card\" content=\"summary_large_image\" \/>\n<meta name=\"twitter:label1\" content=\"\u00c9crit par\" \/>\n\t<meta name=\"twitter:data1\" content=\"Thierry Wergifosse\" \/>\n\t<meta name=\"twitter:label2\" content=\"Dur\u00e9e de lecture estim\u00e9e\" \/>\n\t<meta name=\"twitter:data2\" content=\"1 minute\" \/>\n<script type=\"application\/ld+json\" class=\"yoast-schema-graph\">{\"@context\":\"https:\/\/schema.org\",\"@graph\":[{\"@type\":\"Article\",\"@id\":\"https:\/\/webkrea.kiwanisbelux.site\/bruegel\/chartage-bachten-de-kupe-la-joconde\/#article\",\"isPartOf\":{\"@id\":\"https:\/\/webkrea.kiwanisbelux.site\/bruegel\/chartage-bachten-de-kupe-la-joconde\/\"},\"author\":{\"name\":\"Thierry Wergifosse\",\"@id\":\"https:\/\/webkrea.kiwanisbelux.site\/bruegel\/#\/schema\/person\/51abb82d931525a42a33e229312624ae\"},\"headline\":\"Chartage Bachten de Kupe, La Joconde\u201d\",\"datePublished\":\"2019-11-09T22:08:00+00:00\",\"dateModified\":\"2021-08-31T21:10:34+00:00\",\"mainEntityOfPage\":{\"@id\":\"https:\/\/webkrea.kiwanisbelux.site\/bruegel\/chartage-bachten-de-kupe-la-joconde\/\"},\"wordCount\":279,\"publisher\":{\"@id\":\"https:\/\/webkrea.kiwanisbelux.site\/bruegel\/#organization\"},\"articleSection\":[\"Non classifi\u00e9(e)\"],\"inLanguage\":\"fr-FR\"},{\"@type\":\"WebPage\",\"@id\":\"https:\/\/webkrea.kiwanisbelux.site\/bruegel\/chartage-bachten-de-kupe-la-joconde\/\",\"url\":\"https:\/\/webkrea.kiwanisbelux.site\/bruegel\/chartage-bachten-de-kupe-la-joconde\/\",\"name\":\"Chartage Bachten de Kupe, La Joconde\u201d - Kiwanis Dilbeek Bruegel\",\"isPartOf\":{\"@id\":\"https:\/\/webkrea.kiwanisbelux.site\/bruegel\/#website\"},\"datePublished\":\"2019-11-09T22:08:00+00:00\",\"dateModified\":\"2021-08-31T21:10:34+00:00\",\"breadcrumb\":{\"@id\":\"https:\/\/webkrea.kiwanisbelux.site\/bruegel\/chartage-bachten-de-kupe-la-joconde\/#breadcrumb\"},\"inLanguage\":\"fr-FR\",\"potentialAction\":[{\"@type\":\"ReadAction\",\"target\":[\"https:\/\/webkrea.kiwanisbelux.site\/bruegel\/chartage-bachten-de-kupe-la-joconde\/\"]}]},{\"@type\":\"BreadcrumbList\",\"@id\":\"https:\/\/webkrea.kiwanisbelux.site\/bruegel\/chartage-bachten-de-kupe-la-joconde\/#breadcrumb\",\"itemListElement\":[{\"@type\":\"ListItem\",\"position\":1,\"name\":\"Home\",\"item\":\"https:\/\/webkrea.kiwanisbelux.site\/bruegel\/\"},{\"@type\":\"ListItem\",\"position\":2,\"name\":\"Chartage Bachten de Kupe, La Joconde\u201d\"}]},{\"@type\":\"WebSite\",\"@id\":\"https:\/\/webkrea.kiwanisbelux.site\/bruegel\/#website\",\"url\":\"https:\/\/webkrea.kiwanisbelux.site\/bruegel\/\",\"name\":\"Kiwanis Dilbeek Bruegel\",\"description\":\"\",\"publisher\":{\"@id\":\"https:\/\/webkrea.kiwanisbelux.site\/bruegel\/#organization\"},\"potentialAction\":[{\"@type\":\"SearchAction\",\"target\":{\"@type\":\"EntryPoint\",\"urlTemplate\":\"https:\/\/webkrea.kiwanisbelux.site\/bruegel\/?s={search_term_string}\"},\"query-input\":\"required name=search_term_string\"}],\"inLanguage\":\"fr-FR\"},{\"@type\":\"Organization\",\"@id\":\"https:\/\/webkrea.kiwanisbelux.site\/bruegel\/#organization\",\"name\":\"Kiwanis\",\"url\":\"https:\/\/webkrea.kiwanisbelux.site\/bruegel\/\",\"sameAs\":[],\"logo\":{\"@type\":\"ImageObject\",\"inLanguage\":\"fr-FR\",\"@id\":\"https:\/\/webkrea.kiwanisbelux.site\/bruegel\/#\/schema\/logo\/image\/\",\"url\":\"https:\/\/webkrea.kiwanisbelux.site\/bruegel\/wp-content\/uploads\/sites\/22\/2021\/04\/kiwanis-logo@2x.png\",\"contentUrl\":\"https:\/\/webkrea.kiwanisbelux.site\/bruegel\/wp-content\/uploads\/sites\/22\/2021\/04\/kiwanis-logo@2x.png\",\"width\":555,\"height\":100,\"caption\":\"Kiwanis\"},\"image\":{\"@id\":\"https:\/\/webkrea.kiwanisbelux.site\/bruegel\/#\/schema\/logo\/image\/\"}},{\"@type\":\"Person\",\"@id\":\"https:\/\/webkrea.kiwanisbelux.site\/bruegel\/#\/schema\/person\/51abb82d931525a42a33e229312624ae\",\"name\":\"Thierry Wergifosse\",\"image\":{\"@type\":\"ImageObject\",\"inLanguage\":\"fr-FR\",\"@id\":\"https:\/\/webkrea.kiwanisbelux.site\/bruegel\/#\/schema\/person\/image\/\",\"url\":\"https:\/\/secure.gravatar.com\/avatar\/264f92f24514d2db99cc78de50296e65?s=96&d=mm&r=g\",\"contentUrl\":\"https:\/\/secure.gravatar.com\/avatar\/264f92f24514d2db99cc78de50296e65?s=96&d=mm&r=g\",\"caption\":\"Thierry Wergifosse\"},\"url\":\"https:\/\/webkrea.kiwanisbelux.site\/bruegel\/author\/thierry\/\"}]}<\/script>\n<!-- \/ Yoast SEO plugin. -->","yoast_head_json":{"title":"Chartage Bachten de Kupe, La Joconde\u201d - Kiwanis Dilbeek Bruegel","robots":{"index":"noindex","follow":"follow","max-snippet":"max-snippet:-1","max-image-preview":"max-image-preview:large","max-video-preview":"max-video-preview:-1"},"og_locale":"fr_FR","og_type":"article","og_title":"Chartage Bachten de Kupe, La Joconde\u201d - Kiwanis Dilbeek Bruegel","og_description":"C&rsquo;est avec une grande fiert\u00e9 que nous vous pr\u00e9sentons le communiqu\u00e9 de presse concernant la Chartage du Kiwanis Bachten de kupe, La Joconde. plus de photos La Charte du samedi [&hellip;]","og_url":"https:\/\/webkrea.kiwanisbelux.site\/bruegel\/chartage-bachten-de-kupe-la-joconde\/","og_site_name":"Kiwanis Dilbeek Bruegel","article_published_time":"2019-11-09T22:08:00+00:00","article_modified_time":"2021-08-31T21:10:34+00:00","og_image":[{"url":"https:\/\/clients.webkrea.be\/kiwanis\/wp-content\/uploads\/sites\/22\/2021\/08\/KIWANIS_LOGO-226x300.jpg"}],"author":"Thierry Wergifosse","twitter_card":"summary_large_image","twitter_misc":{"\u00c9crit par":"Thierry Wergifosse","Dur\u00e9e de lecture estim\u00e9e":"1 minute"},"schema":{"@context":"https:\/\/schema.org","@graph":[{"@type":"Article","@id":"https:\/\/webkrea.kiwanisbelux.site\/bruegel\/chartage-bachten-de-kupe-la-joconde\/#article","isPartOf":{"@id":"https:\/\/webkrea.kiwanisbelux.site\/bruegel\/chartage-bachten-de-kupe-la-joconde\/"},"author":{"name":"Thierry Wergifosse","@id":"https:\/\/webkrea.kiwanisbelux.site\/bruegel\/#\/schema\/person\/51abb82d931525a42a33e229312624ae"},"headline":"Chartage Bachten de Kupe, La Joconde\u201d","datePublished":"2019-11-09T22:08:00+00:00","dateModified":"2021-08-31T21:10:34+00:00","mainEntityOfPage":{"@id":"https:\/\/webkrea.kiwanisbelux.site\/bruegel\/chartage-bachten-de-kupe-la-joconde\/"},"wordCount":279,"publisher":{"@id":"https:\/\/webkrea.kiwanisbelux.site\/bruegel\/#organization"},"articleSection":["Non classifi\u00e9(e)"],"inLanguage":"fr-FR"},{"@type":"WebPage","@id":"https:\/\/webkrea.kiwanisbelux.site\/bruegel\/chartage-bachten-de-kupe-la-joconde\/","url":"https:\/\/webkrea.kiwanisbelux.site\/bruegel\/chartage-bachten-de-kupe-la-joconde\/","name":"Chartage Bachten de Kupe, La Joconde\u201d - Kiwanis Dilbeek Bruegel","isPartOf":{"@id":"https:\/\/webkrea.kiwanisbelux.site\/bruegel\/#website"},"datePublished":"2019-11-09T22:08:00+00:00","dateModified":"2021-08-31T21:10:34+00:00","breadcrumb":{"@id":"https:\/\/webkrea.kiwanisbelux.site\/bruegel\/chartage-bachten-de-kupe-la-joconde\/#breadcrumb"},"inLanguage":"fr-FR","potentialAction":[{"@type":"ReadAction","target":["https:\/\/webkrea.kiwanisbelux.site\/bruegel\/chartage-bachten-de-kupe-la-joconde\/"]}]},{"@type":"BreadcrumbList","@id":"https:\/\/webkrea.kiwanisbelux.site\/bruegel\/chartage-bachten-de-kupe-la-joconde\/#breadcrumb","itemListElement":[{"@type":"ListItem","position":1,"name":"Home","item":"https:\/\/webkrea.kiwanisbelux.site\/bruegel\/"},{"@type":"ListItem","position":2,"name":"Chartage Bachten de Kupe, La Joconde\u201d"}]},{"@type":"WebSite","@id":"https:\/\/webkrea.kiwanisbelux.site\/bruegel\/#website","url":"https:\/\/webkrea.kiwanisbelux.site\/bruegel\/","name":"Kiwanis Dilbeek Bruegel","description":"","publisher":{"@id":"https:\/\/webkrea.kiwanisbelux.site\/bruegel\/#organization"},"potentialAction":[{"@type":"SearchAction","target":{"@type":"EntryPoint","urlTemplate":"https:\/\/webkrea.kiwanisbelux.site\/bruegel\/?s={search_term_string}"},"query-input":"required name=search_term_string"}],"inLanguage":"fr-FR"},{"@type":"Organization","@id":"https:\/\/webkrea.kiwanisbelux.site\/bruegel\/#organization","name":"Kiwanis","url":"https:\/\/webkrea.kiwanisbelux.site\/bruegel\/","sameAs":[],"logo":{"@type":"ImageObject","inLanguage":"fr-FR","@id":"https:\/\/webkrea.kiwanisbelux.site\/bruegel\/#\/schema\/logo\/image\/","url":"https:\/\/webkrea.kiwanisbelux.site\/bruegel\/wp-content\/uploads\/sites\/22\/2021\/04\/kiwanis-logo@2x.png","contentUrl":"https:\/\/webkrea.kiwanisbelux.site\/bruegel\/wp-content\/uploads\/sites\/22\/2021\/04\/kiwanis-logo@2x.png","width":555,"height":100,"caption":"Kiwanis"},"image":{"@id":"https:\/\/webkrea.kiwanisbelux.site\/bruegel\/#\/schema\/logo\/image\/"}},{"@type":"Person","@id":"https:\/\/webkrea.kiwanisbelux.site\/bruegel\/#\/schema\/person\/51abb82d931525a42a33e229312624ae","name":"Thierry Wergifosse","image":{"@type":"ImageObject","inLanguage":"fr-FR","@id":"https:\/\/webkrea.kiwanisbelux.site\/bruegel\/#\/schema\/person\/image\/","url":"https:\/\/secure.gravatar.com\/avatar\/264f92f24514d2db99cc78de50296e65?s=96&d=mm&r=g","contentUrl":"https:\/\/secure.gravatar.com\/avatar\/264f92f24514d2db99cc78de50296e65?s=96&d=mm&r=g","caption":"Thierry Wergifosse"},"url":"https:\/\/webkrea.kiwanisbelux.site\/bruegel\/author\/thierry\/"}]}},"_links":{"self":[{"href":"https:\/\/webkrea.kiwanisbelux.site\/bruegel\/wp-json\/wp\/v2\/posts\/1188"}],"collection":[{"href":"https:\/\/webkrea.kiwanisbelux.site\/bruegel\/wp-json\/wp\/v2\/posts"}],"about":[{"href":"https:\/\/webkrea.kiwanisbelux.site\/bruegel\/wp-json\/wp\/v2\/types\/post"}],"author":[{"embeddable":true,"href":"https:\/\/webkrea.kiwanisbelux.site\/bruegel\/wp-json\/wp\/v2\/users\/2"}],"replies":[{"embeddable":true,"href":"https:\/\/webkrea.kiwanisbelux.site\/bruegel\/wp-json\/wp\/v2\/comments?post=1188"}],"version-history":[{"count":1,"href":"https:\/\/webkrea.kiwanisbelux.site\/bruegel\/wp-json\/wp\/v2\/posts\/1188\/revisions"}],"predecessor-version":[{"id":1195,"href":"https:\/\/webkrea.kiwanisbelux.site\/bruegel\/wp-json\/wp\/v2\/posts\/1188\/revisions\/1195"}],"wp:attachment":[{"href":"https:\/\/webkrea.kiwanisbelux.site\/bruegel\/wp-json\/wp\/v2\/media?parent=1188"}],"wp:term":[{"taxonomy":"category","embeddable":true,"href":"https:\/\/webkrea.kiwanisbelux.site\/bruegel\/wp-json\/wp\/v2\/categories?post=1188"},{"taxonomy":"post_tag","embeddable":true,"href":"https:\/\/webkrea.kiwanisbelux.site\/bruegel\/wp-json\/wp\/v2\/tags?post=1188"}],"curies":[{"name":"wp","href":"https:\/\/api.w.org\/{rel}","templated":true}]}}