{"id":1130,"date":"2020-01-01T22:47:50","date_gmt":"2020-01-01T21:47:50","guid":{"rendered":"https:\/\/clients.webkrea.be\/kiwanis\/?p=1130"},"modified":"2021-08-31T22:49:42","modified_gmt":"2021-08-31T20:49:42","slug":"avis-de-deces-m-jos-mertens-president-fondateur-kiwanis-aartselaar","status":"publish","type":"post","link":"https:\/\/webkrea.kiwanisbelux.site\/bruegel\/avis-de-deces-m-jos-mertens-president-fondateur-kiwanis-aartselaar\/","title":{"rendered":"avis de d\u00e9c\u00e8s: M. Jos Mertens &#8211; Pr\u00e9sident fondateur Kiwanis Aartselaar"},"content":{"rendered":"<p>Chers amis et amies Kiwaniens,<\/p>\n<p>C&rsquo;est avec tristesse que le Kiwanis Aartselaar annonce le d\u00e9c\u00e8s de son pr\u00e9sident fondateur M. Jos Mertens. Possibilit\u00e9 de pr\u00e9senter des condol\u00e9ances en ligne via www.cornelisjanssens.be.<\/p>\n<p><img loading=\"lazy\" class=\"alignnone size-medium wp-image-1131\" src=\"https:\/\/clients.webkrea.be\/kiwanis\/wp-content\/uploads\/sites\/22\/2021\/08\/3155-300x202.jpg\" alt=\"\" width=\"300\" height=\"202\" srcset=\"https:\/\/webkrea.kiwanisbelux.site\/bruegel\/wp-content\/uploads\/sites\/22\/2021\/08\/3155-300x202.jpg 300w, https:\/\/webkrea.kiwanisbelux.site\/bruegel\/wp-content\/uploads\/sites\/22\/2021\/08\/3155-200x135.jpg 200w, https:\/\/webkrea.kiwanisbelux.site\/bruegel\/wp-content\/uploads\/sites\/22\/2021\/08\/3155-400x269.jpg 400w, https:\/\/webkrea.kiwanisbelux.site\/bruegel\/wp-content\/uploads\/sites\/22\/2021\/08\/3155-600x404.jpg 600w, https:\/\/webkrea.kiwanisbelux.site\/bruegel\/wp-content\/uploads\/sites\/22\/2021\/08\/3155.jpg 666w\" sizes=\"(max-width: 300px) 100vw, 300px\" \/><\/p>\n<p><img loading=\"lazy\" class=\"alignnone size-medium wp-image-1134\" src=\"https:\/\/clients.webkrea.be\/kiwanis\/wp-content\/uploads\/sites\/22\/2021\/08\/avis1-298x300.jpg\" alt=\"\" width=\"298\" height=\"300\" srcset=\"https:\/\/webkrea.kiwanisbelux.site\/bruegel\/wp-content\/uploads\/sites\/22\/2021\/08\/avis1-298x300.jpg 298w, https:\/\/webkrea.kiwanisbelux.site\/bruegel\/wp-content\/uploads\/sites\/22\/2021\/08\/avis1-150x150.jpg 150w, https:\/\/webkrea.kiwanisbelux.site\/bruegel\/wp-content\/uploads\/sites\/22\/2021\/08\/avis1-768x773.jpg 768w, https:\/\/webkrea.kiwanisbelux.site\/bruegel\/wp-content\/uploads\/sites\/22\/2021\/08\/avis1-66x66.jpg 66w, https:\/\/webkrea.kiwanisbelux.site\/bruegel\/wp-content\/uploads\/sites\/22\/2021\/08\/avis1-200x201.jpg 200w, https:\/\/webkrea.kiwanisbelux.site\/bruegel\/wp-content\/uploads\/sites\/22\/2021\/08\/avis1-400x402.jpg 400w, https:\/\/webkrea.kiwanisbelux.site\/bruegel\/wp-content\/uploads\/sites\/22\/2021\/08\/avis1-600x604.jpg 600w, https:\/\/webkrea.kiwanisbelux.site\/bruegel\/wp-content\/uploads\/sites\/22\/2021\/08\/avis1-800x805.jpg 800w, https:\/\/webkrea.kiwanisbelux.site\/bruegel\/wp-content\/uploads\/sites\/22\/2021\/08\/avis1.jpg 845w\" sizes=\"(max-width: 298px) 100vw, 298px\" \/><\/p>\n<p><img loading=\"lazy\" class=\"alignnone size-medium wp-image-1137\" src=\"https:\/\/clients.webkrea.be\/kiwanis\/wp-content\/uploads\/sites\/22\/2021\/08\/avis2-300x283.jpg\" alt=\"\" width=\"300\" height=\"283\" srcset=\"https:\/\/webkrea.kiwanisbelux.site\/bruegel\/wp-content\/uploads\/sites\/22\/2021\/08\/avis2-300x283.jpg 300w, https:\/\/webkrea.kiwanisbelux.site\/bruegel\/wp-content\/uploads\/sites\/22\/2021\/08\/avis2-768x724.jpg 768w, https:\/\/webkrea.kiwanisbelux.site\/bruegel\/wp-content\/uploads\/sites\/22\/2021\/08\/avis2-200x188.jpg 200w, https:\/\/webkrea.kiwanisbelux.site\/bruegel\/wp-content\/uploads\/sites\/22\/2021\/08\/avis2-400x377.jpg 400w, https:\/\/webkrea.kiwanisbelux.site\/bruegel\/wp-content\/uploads\/sites\/22\/2021\/08\/avis2-600x565.jpg 600w, https:\/\/webkrea.kiwanisbelux.site\/bruegel\/wp-content\/uploads\/sites\/22\/2021\/08\/avis2-800x754.jpg 800w, https:\/\/webkrea.kiwanisbelux.site\/bruegel\/wp-content\/uploads\/sites\/22\/2021\/08\/avis2.jpg 904w\" sizes=\"(max-width: 300px) 100vw, 300px\" \/><\/p>\n","protected":false},"excerpt":{"rendered":"<p>Chers amis et amies Kiwaniens, C&rsquo;est avec tristesse que le Kiwanis Aartselaar annonce le d\u00e9c\u00e8s de son pr\u00e9sident fondateur M. Jos Mertens. Possibilit\u00e9 de pr\u00e9senter des condol\u00e9ances en ligne via [&hellip;]<\/p>\n","protected":false},"author":2,"featured_media":0,"comment_status":"closed","ping_status":"closed","sticky":false,"template":"","format":"standard","meta":{"_et_pb_use_builder":"","_et_pb_old_content":"","_et_gb_content_width":""},"categories":[1],"tags":[],"yoast_head":"<!-- This site is optimized with the Yoast SEO plugin v19.8 - https:\/\/yoast.com\/wordpress\/plugins\/seo\/ -->\n<title>avis de d\u00e9c\u00e8s: M. Jos Mertens - Pr\u00e9sident fondateur Kiwanis Aartselaar - Kiwanis Dilbeek Bruegel<\/title>\n<meta name=\"robots\" content=\"noindex, follow, max-snippet:-1, max-image-preview:large, max-video-preview:-1\" \/>\n<meta property=\"og:locale\" content=\"fr_FR\" \/>\n<meta property=\"og:type\" content=\"article\" \/>\n<meta property=\"og:title\" content=\"avis de d\u00e9c\u00e8s: M. Jos Mertens - Pr\u00e9sident fondateur Kiwanis Aartselaar - Kiwanis Dilbeek Bruegel\" \/>\n<meta property=\"og:description\" content=\"Chers amis et amies Kiwaniens, C&rsquo;est avec tristesse que le Kiwanis Aartselaar annonce le d\u00e9c\u00e8s de son pr\u00e9sident fondateur M. Jos Mertens. Possibilit\u00e9 de pr\u00e9senter des condol\u00e9ances en ligne via [&hellip;]\" \/>\n<meta property=\"og:url\" content=\"https:\/\/webkrea.kiwanisbelux.site\/bruegel\/avis-de-deces-m-jos-mertens-president-fondateur-kiwanis-aartselaar\/\" \/>\n<meta property=\"og:site_name\" content=\"Kiwanis Dilbeek Bruegel\" \/>\n<meta property=\"article:published_time\" content=\"2020-01-01T21:47:50+00:00\" \/>\n<meta property=\"article:modified_time\" content=\"2021-08-31T20:49:42+00:00\" \/>\n<meta property=\"og:image\" content=\"https:\/\/clients.webkrea.be\/kiwanis\/wp-content\/uploads\/sites\/22\/2021\/08\/3155-300x202.jpg\" \/>\n<meta name=\"author\" content=\"Thierry Wergifosse\" \/>\n<meta name=\"twitter:card\" content=\"summary_large_image\" \/>\n<meta name=\"twitter:label1\" content=\"\u00c9crit par\" \/>\n\t<meta name=\"twitter:data1\" content=\"Thierry Wergifosse\" \/>\n<script type=\"application\/ld+json\" class=\"yoast-schema-graph\">{\"@context\":\"https:\/\/schema.org\",\"@graph\":[{\"@type\":\"Article\",\"@id\":\"https:\/\/webkrea.kiwanisbelux.site\/bruegel\/avis-de-deces-m-jos-mertens-president-fondateur-kiwanis-aartselaar\/#article\",\"isPartOf\":{\"@id\":\"https:\/\/webkrea.kiwanisbelux.site\/bruegel\/avis-de-deces-m-jos-mertens-president-fondateur-kiwanis-aartselaar\/\"},\"author\":{\"name\":\"Thierry Wergifosse\",\"@id\":\"https:\/\/webkrea.kiwanisbelux.site\/bruegel\/#\/schema\/person\/51abb82d931525a42a33e229312624ae\"},\"headline\":\"avis de d\u00e9c\u00e8s: M. Jos Mertens &#8211; Pr\u00e9sident fondateur Kiwanis Aartselaar\",\"datePublished\":\"2020-01-01T21:47:50+00:00\",\"dateModified\":\"2021-08-31T20:49:42+00:00\",\"mainEntityOfPage\":{\"@id\":\"https:\/\/webkrea.kiwanisbelux.site\/bruegel\/avis-de-deces-m-jos-mertens-president-fondateur-kiwanis-aartselaar\/\"},\"wordCount\":52,\"publisher\":{\"@id\":\"https:\/\/webkrea.kiwanisbelux.site\/bruegel\/#organization\"},\"articleSection\":[\"Non classifi\u00e9(e)\"],\"inLanguage\":\"fr-FR\"},{\"@type\":\"WebPage\",\"@id\":\"https:\/\/webkrea.kiwanisbelux.site\/bruegel\/avis-de-deces-m-jos-mertens-president-fondateur-kiwanis-aartselaar\/\",\"url\":\"https:\/\/webkrea.kiwanisbelux.site\/bruegel\/avis-de-deces-m-jos-mertens-president-fondateur-kiwanis-aartselaar\/\",\"name\":\"avis de d\u00e9c\u00e8s: M. Jos Mertens - Pr\u00e9sident fondateur Kiwanis Aartselaar - Kiwanis Dilbeek Bruegel\",\"isPartOf\":{\"@id\":\"https:\/\/webkrea.kiwanisbelux.site\/bruegel\/#website\"},\"datePublished\":\"2020-01-01T21:47:50+00:00\",\"dateModified\":\"2021-08-31T20:49:42+00:00\",\"breadcrumb\":{\"@id\":\"https:\/\/webkrea.kiwanisbelux.site\/bruegel\/avis-de-deces-m-jos-mertens-president-fondateur-kiwanis-aartselaar\/#breadcrumb\"},\"inLanguage\":\"fr-FR\",\"potentialAction\":[{\"@type\":\"ReadAction\",\"target\":[\"https:\/\/webkrea.kiwanisbelux.site\/bruegel\/avis-de-deces-m-jos-mertens-president-fondateur-kiwanis-aartselaar\/\"]}]},{\"@type\":\"BreadcrumbList\",\"@id\":\"https:\/\/webkrea.kiwanisbelux.site\/bruegel\/avis-de-deces-m-jos-mertens-president-fondateur-kiwanis-aartselaar\/#breadcrumb\",\"itemListElement\":[{\"@type\":\"ListItem\",\"position\":1,\"name\":\"Home\",\"item\":\"https:\/\/webkrea.kiwanisbelux.site\/bruegel\/\"},{\"@type\":\"ListItem\",\"position\":2,\"name\":\"avis de d\u00e9c\u00e8s: M. Jos Mertens &#8211; Pr\u00e9sident fondateur Kiwanis Aartselaar\"}]},{\"@type\":\"WebSite\",\"@id\":\"https:\/\/webkrea.kiwanisbelux.site\/bruegel\/#website\",\"url\":\"https:\/\/webkrea.kiwanisbelux.site\/bruegel\/\",\"name\":\"Kiwanis Dilbeek Bruegel\",\"description\":\"\",\"publisher\":{\"@id\":\"https:\/\/webkrea.kiwanisbelux.site\/bruegel\/#organization\"},\"potentialAction\":[{\"@type\":\"SearchAction\",\"target\":{\"@type\":\"EntryPoint\",\"urlTemplate\":\"https:\/\/webkrea.kiwanisbelux.site\/bruegel\/?s={search_term_string}\"},\"query-input\":\"required name=search_term_string\"}],\"inLanguage\":\"fr-FR\"},{\"@type\":\"Organization\",\"@id\":\"https:\/\/webkrea.kiwanisbelux.site\/bruegel\/#organization\",\"name\":\"Kiwanis\",\"url\":\"https:\/\/webkrea.kiwanisbelux.site\/bruegel\/\",\"sameAs\":[],\"logo\":{\"@type\":\"ImageObject\",\"inLanguage\":\"fr-FR\",\"@id\":\"https:\/\/webkrea.kiwanisbelux.site\/bruegel\/#\/schema\/logo\/image\/\",\"url\":\"https:\/\/webkrea.kiwanisbelux.site\/bruegel\/wp-content\/uploads\/sites\/22\/2021\/04\/kiwanis-logo@2x.png\",\"contentUrl\":\"https:\/\/webkrea.kiwanisbelux.site\/bruegel\/wp-content\/uploads\/sites\/22\/2021\/04\/kiwanis-logo@2x.png\",\"width\":555,\"height\":100,\"caption\":\"Kiwanis\"},\"image\":{\"@id\":\"https:\/\/webkrea.kiwanisbelux.site\/bruegel\/#\/schema\/logo\/image\/\"}},{\"@type\":\"Person\",\"@id\":\"https:\/\/webkrea.kiwanisbelux.site\/bruegel\/#\/schema\/person\/51abb82d931525a42a33e229312624ae\",\"name\":\"Thierry Wergifosse\",\"image\":{\"@type\":\"ImageObject\",\"inLanguage\":\"fr-FR\",\"@id\":\"https:\/\/webkrea.kiwanisbelux.site\/bruegel\/#\/schema\/person\/image\/\",\"url\":\"https:\/\/secure.gravatar.com\/avatar\/264f92f24514d2db99cc78de50296e65?s=96&d=mm&r=g\",\"contentUrl\":\"https:\/\/secure.gravatar.com\/avatar\/264f92f24514d2db99cc78de50296e65?s=96&d=mm&r=g\",\"caption\":\"Thierry Wergifosse\"},\"url\":\"https:\/\/webkrea.kiwanisbelux.site\/bruegel\/author\/thierry\/\"}]}<\/script>\n<!-- \/ Yoast SEO plugin. -->","yoast_head_json":{"title":"avis de d\u00e9c\u00e8s: M. Jos Mertens - Pr\u00e9sident fondateur Kiwanis Aartselaar - Kiwanis Dilbeek Bruegel","robots":{"index":"noindex","follow":"follow","max-snippet":"max-snippet:-1","max-image-preview":"max-image-preview:large","max-video-preview":"max-video-preview:-1"},"og_locale":"fr_FR","og_type":"article","og_title":"avis de d\u00e9c\u00e8s: M. Jos Mertens - Pr\u00e9sident fondateur Kiwanis Aartselaar - Kiwanis Dilbeek Bruegel","og_description":"Chers amis et amies Kiwaniens, C&rsquo;est avec tristesse que le Kiwanis Aartselaar annonce le d\u00e9c\u00e8s de son pr\u00e9sident fondateur M. Jos Mertens. Possibilit\u00e9 de pr\u00e9senter des condol\u00e9ances en ligne via [&hellip;]","og_url":"https:\/\/webkrea.kiwanisbelux.site\/bruegel\/avis-de-deces-m-jos-mertens-president-fondateur-kiwanis-aartselaar\/","og_site_name":"Kiwanis Dilbeek Bruegel","article_published_time":"2020-01-01T21:47:50+00:00","article_modified_time":"2021-08-31T20:49:42+00:00","og_image":[{"url":"https:\/\/clients.webkrea.be\/kiwanis\/wp-content\/uploads\/sites\/22\/2021\/08\/3155-300x202.jpg"}],"author":"Thierry Wergifosse","twitter_card":"summary_large_image","twitter_misc":{"\u00c9crit par":"Thierry Wergifosse"},"schema":{"@context":"https:\/\/schema.org","@graph":[{"@type":"Article","@id":"https:\/\/webkrea.kiwanisbelux.site\/bruegel\/avis-de-deces-m-jos-mertens-president-fondateur-kiwanis-aartselaar\/#article","isPartOf":{"@id":"https:\/\/webkrea.kiwanisbelux.site\/bruegel\/avis-de-deces-m-jos-mertens-president-fondateur-kiwanis-aartselaar\/"},"author":{"name":"Thierry Wergifosse","@id":"https:\/\/webkrea.kiwanisbelux.site\/bruegel\/#\/schema\/person\/51abb82d931525a42a33e229312624ae"},"headline":"avis de d\u00e9c\u00e8s: M. Jos Mertens &#8211; Pr\u00e9sident fondateur Kiwanis Aartselaar","datePublished":"2020-01-01T21:47:50+00:00","dateModified":"2021-08-31T20:49:42+00:00","mainEntityOfPage":{"@id":"https:\/\/webkrea.kiwanisbelux.site\/bruegel\/avis-de-deces-m-jos-mertens-president-fondateur-kiwanis-aartselaar\/"},"wordCount":52,"publisher":{"@id":"https:\/\/webkrea.kiwanisbelux.site\/bruegel\/#organization"},"articleSection":["Non classifi\u00e9(e)"],"inLanguage":"fr-FR"},{"@type":"WebPage","@id":"https:\/\/webkrea.kiwanisbelux.site\/bruegel\/avis-de-deces-m-jos-mertens-president-fondateur-kiwanis-aartselaar\/","url":"https:\/\/webkrea.kiwanisbelux.site\/bruegel\/avis-de-deces-m-jos-mertens-president-fondateur-kiwanis-aartselaar\/","name":"avis de d\u00e9c\u00e8s: M. Jos Mertens - Pr\u00e9sident fondateur Kiwanis Aartselaar - Kiwanis Dilbeek Bruegel","isPartOf":{"@id":"https:\/\/webkrea.kiwanisbelux.site\/bruegel\/#website"},"datePublished":"2020-01-01T21:47:50+00:00","dateModified":"2021-08-31T20:49:42+00:00","breadcrumb":{"@id":"https:\/\/webkrea.kiwanisbelux.site\/bruegel\/avis-de-deces-m-jos-mertens-president-fondateur-kiwanis-aartselaar\/#breadcrumb"},"inLanguage":"fr-FR","potentialAction":[{"@type":"ReadAction","target":["https:\/\/webkrea.kiwanisbelux.site\/bruegel\/avis-de-deces-m-jos-mertens-president-fondateur-kiwanis-aartselaar\/"]}]},{"@type":"BreadcrumbList","@id":"https:\/\/webkrea.kiwanisbelux.site\/bruegel\/avis-de-deces-m-jos-mertens-president-fondateur-kiwanis-aartselaar\/#breadcrumb","itemListElement":[{"@type":"ListItem","position":1,"name":"Home","item":"https:\/\/webkrea.kiwanisbelux.site\/bruegel\/"},{"@type":"ListItem","position":2,"name":"avis de d\u00e9c\u00e8s: M. Jos Mertens &#8211; Pr\u00e9sident fondateur Kiwanis Aartselaar"}]},{"@type":"WebSite","@id":"https:\/\/webkrea.kiwanisbelux.site\/bruegel\/#website","url":"https:\/\/webkrea.kiwanisbelux.site\/bruegel\/","name":"Kiwanis Dilbeek Bruegel","description":"","publisher":{"@id":"https:\/\/webkrea.kiwanisbelux.site\/bruegel\/#organization"},"potentialAction":[{"@type":"SearchAction","target":{"@type":"EntryPoint","urlTemplate":"https:\/\/webkrea.kiwanisbelux.site\/bruegel\/?s={search_term_string}"},"query-input":"required name=search_term_string"}],"inLanguage":"fr-FR"},{"@type":"Organization","@id":"https:\/\/webkrea.kiwanisbelux.site\/bruegel\/#organization","name":"Kiwanis","url":"https:\/\/webkrea.kiwanisbelux.site\/bruegel\/","sameAs":[],"logo":{"@type":"ImageObject","inLanguage":"fr-FR","@id":"https:\/\/webkrea.kiwanisbelux.site\/bruegel\/#\/schema\/logo\/image\/","url":"https:\/\/webkrea.kiwanisbelux.site\/bruegel\/wp-content\/uploads\/sites\/22\/2021\/04\/kiwanis-logo@2x.png","contentUrl":"https:\/\/webkrea.kiwanisbelux.site\/bruegel\/wp-content\/uploads\/sites\/22\/2021\/04\/kiwanis-logo@2x.png","width":555,"height":100,"caption":"Kiwanis"},"image":{"@id":"https:\/\/webkrea.kiwanisbelux.site\/bruegel\/#\/schema\/logo\/image\/"}},{"@type":"Person","@id":"https:\/\/webkrea.kiwanisbelux.site\/bruegel\/#\/schema\/person\/51abb82d931525a42a33e229312624ae","name":"Thierry Wergifosse","image":{"@type":"ImageObject","inLanguage":"fr-FR","@id":"https:\/\/webkrea.kiwanisbelux.site\/bruegel\/#\/schema\/person\/image\/","url":"https:\/\/secure.gravatar.com\/avatar\/264f92f24514d2db99cc78de50296e65?s=96&d=mm&r=g","contentUrl":"https:\/\/secure.gravatar.com\/avatar\/264f92f24514d2db99cc78de50296e65?s=96&d=mm&r=g","caption":"Thierry Wergifosse"},"url":"https:\/\/webkrea.kiwanisbelux.site\/bruegel\/author\/thierry\/"}]}},"_links":{"self":[{"href":"https:\/\/webkrea.kiwanisbelux.site\/bruegel\/wp-json\/wp\/v2\/posts\/1130"}],"collection":[{"href":"https:\/\/webkrea.kiwanisbelux.site\/bruegel\/wp-json\/wp\/v2\/posts"}],"about":[{"href":"https:\/\/webkrea.kiwanisbelux.site\/bruegel\/wp-json\/wp\/v2\/types\/post"}],"author":[{"embeddable":true,"href":"https:\/\/webkrea.kiwanisbelux.site\/bruegel\/wp-json\/wp\/v2\/users\/2"}],"replies":[{"embeddable":true,"href":"https:\/\/webkrea.kiwanisbelux.site\/bruegel\/wp-json\/wp\/v2\/comments?post=1130"}],"version-history":[{"count":1,"href":"https:\/\/webkrea.kiwanisbelux.site\/bruegel\/wp-json\/wp\/v2\/posts\/1130\/revisions"}],"predecessor-version":[{"id":1140,"href":"https:\/\/webkrea.kiwanisbelux.site\/bruegel\/wp-json\/wp\/v2\/posts\/1130\/revisions\/1140"}],"wp:attachment":[{"href":"https:\/\/webkrea.kiwanisbelux.site\/bruegel\/wp-json\/wp\/v2\/media?parent=1130"}],"wp:term":[{"taxonomy":"category","embeddable":true,"href":"https:\/\/webkrea.kiwanisbelux.site\/bruegel\/wp-json\/wp\/v2\/categories?post=1130"},{"taxonomy":"post_tag","embeddable":true,"href":"https:\/\/webkrea.kiwanisbelux.site\/bruegel\/wp-json\/wp\/v2\/tags?post=1130"}],"curies":[{"name":"wp","href":"https:\/\/api.w.org\/{rel}","templated":true}]}}