{"id":1118,"date":"2020-02-29T22:42:37","date_gmt":"2020-02-29T21:42:37","guid":{"rendered":"https:\/\/clients.webkrea.be\/kiwanis\/?p=1118"},"modified":"2021-08-31T22:44:23","modified_gmt":"2021-08-31T20:44:23","slug":"filip-delanote-est-nomme-tresorier-du-kcf","status":"publish","type":"post","link":"https:\/\/webkrea.kiwanisbelux.site\/bruegel\/filip-delanote-est-nomme-tresorier-du-kcf\/","title":{"rendered":"Filip Delanote est nomm\u00e9 tr\u00e9sorier du KCF."},"content":{"rendered":"<div>Filip Delanote , du KC Torhout-Houtland &#8212; District Belgique-Luxembourg , actuel Trustee du Kiwanis Children&rsquo;s Fund (KCF) &#8211; pour la p\u00e9riode 2017-2020 &#8211; et repr\u00e9sentant Europ\u00e9en aupr\u00e8s du KCF int\u00e8gre le Conseil d&rsquo;Administration du KCF \u00e0 la fonction de tr\u00e9sorier du KCF 2020-2021. Cette nomination a \u00e9t\u00e9 approuv\u00e9e par le \u00ab\u00a0KI -KCF\u00a0\u00bb Joint Committee compos\u00e9 des Pr\u00e9sidents du Kiwanis International et\u00a0Kiwanis Children&rsquo;s Fund.<\/div>\n<div><\/div>\n<div><img loading=\"lazy\" class=\"alignnone size-full wp-image-1119\" src=\"https:\/\/clients.webkrea.be\/kiwanis\/wp-content\/uploads\/sites\/22\/2021\/08\/filip.jpg\" alt=\"\" width=\"130\" height=\"162\" \/><\/div>\n<div><strong>C&rsquo;est la premi\u00e8re fois dans l&rsquo;histoire du KIF \/ KCF qu&rsquo;un Europ\u00e9en est nomm\u00e9 \u00e0 une telle fonction <\/strong>et devient membre du comit\u00e9 Ex\u00e9cutif du KCF.\u00a0 Par cons\u00e9quent la voie est semble aujourd&rsquo;hui ouverte pour qu&rsquo;il acc\u00e8de en 2022\/2023 \u00e0 la fonction de Pr\u00e9sident du KCF.<\/div>\n<div>Cela confirme clairement que l\u2019Europe est appel\u00e9e \u00e0 jouer un r\u00f4le important dans le KI. KI &amp; KCF travaillent main dans la main pour que l\u2019objectif du Kiwanis \u00ab\u00a0Servir les Enfants du monde\u00a0\u00bb soit \u00e9galement atteint l\u00e0 o\u00f9 les clubs et les membres ne peuvent apporter leur aide.<\/div>\n<div>D\u00e8s lors, il devient tr\u00e8s urgent que les membres et les clubs accordent plus de moyens au KCF.<\/div>\n<div>Cr\u00e9er un KCF Europe en tant qu\u2019\u00e9manation du Kiwanis europ\u00e9en est indispensable afin de rendre possible la d\u00e9ductibilit\u00e9 fiscale des dons importants au-del\u00e0 des fronti\u00e8res de notre continent.<\/div>\n","protected":false},"excerpt":{"rendered":"<p>Filip Delanote , du KC Torhout-Houtland &#8212; District Belgique-Luxembourg , actuel Trustee du Kiwanis Children&rsquo;s Fund (KCF) &#8211; pour la p\u00e9riode 2017-2020 &#8211; et repr\u00e9sentant Europ\u00e9en aupr\u00e8s du KCF int\u00e8gre [&hellip;]<\/p>\n","protected":false},"author":2,"featured_media":0,"comment_status":"closed","ping_status":"closed","sticky":false,"template":"","format":"standard","meta":{"_et_pb_use_builder":"","_et_pb_old_content":"","_et_gb_content_width":""},"categories":[1],"tags":[],"yoast_head":"<!-- This site is optimized with the Yoast SEO plugin v19.8 - https:\/\/yoast.com\/wordpress\/plugins\/seo\/ -->\n<title>Filip Delanote est nomm\u00e9 tr\u00e9sorier du KCF. - Kiwanis Dilbeek Bruegel<\/title>\n<meta name=\"robots\" content=\"noindex, follow, max-snippet:-1, max-image-preview:large, max-video-preview:-1\" \/>\n<meta property=\"og:locale\" content=\"fr_FR\" \/>\n<meta property=\"og:type\" content=\"article\" \/>\n<meta property=\"og:title\" content=\"Filip Delanote est nomm\u00e9 tr\u00e9sorier du KCF. - Kiwanis Dilbeek Bruegel\" \/>\n<meta property=\"og:description\" content=\"Filip Delanote , du KC Torhout-Houtland &#8212; District Belgique-Luxembourg , actuel Trustee du Kiwanis Children&rsquo;s Fund (KCF) &#8211; pour la p\u00e9riode 2017-2020 &#8211; et repr\u00e9sentant Europ\u00e9en aupr\u00e8s du KCF int\u00e8gre [&hellip;]\" \/>\n<meta property=\"og:url\" content=\"https:\/\/webkrea.kiwanisbelux.site\/bruegel\/filip-delanote-est-nomme-tresorier-du-kcf\/\" \/>\n<meta property=\"og:site_name\" content=\"Kiwanis Dilbeek Bruegel\" \/>\n<meta property=\"article:published_time\" content=\"2020-02-29T21:42:37+00:00\" \/>\n<meta property=\"article:modified_time\" content=\"2021-08-31T20:44:23+00:00\" \/>\n<meta property=\"og:image\" content=\"https:\/\/clients.webkrea.be\/kiwanis\/wp-content\/uploads\/sites\/22\/2021\/08\/filip.jpg\" \/>\n<meta name=\"author\" content=\"Thierry Wergifosse\" \/>\n<meta name=\"twitter:card\" content=\"summary_large_image\" \/>\n<meta name=\"twitter:label1\" content=\"\u00c9crit par\" \/>\n\t<meta name=\"twitter:data1\" content=\"Thierry Wergifosse\" \/>\n\t<meta name=\"twitter:label2\" content=\"Dur\u00e9e de lecture estim\u00e9e\" \/>\n\t<meta name=\"twitter:data2\" content=\"1 minute\" \/>\n<script type=\"application\/ld+json\" class=\"yoast-schema-graph\">{\"@context\":\"https:\/\/schema.org\",\"@graph\":[{\"@type\":\"Article\",\"@id\":\"https:\/\/webkrea.kiwanisbelux.site\/bruegel\/filip-delanote-est-nomme-tresorier-du-kcf\/#article\",\"isPartOf\":{\"@id\":\"https:\/\/webkrea.kiwanisbelux.site\/bruegel\/filip-delanote-est-nomme-tresorier-du-kcf\/\"},\"author\":{\"name\":\"Thierry Wergifosse\",\"@id\":\"https:\/\/webkrea.kiwanisbelux.site\/bruegel\/#\/schema\/person\/51abb82d931525a42a33e229312624ae\"},\"headline\":\"Filip Delanote est nomm\u00e9 tr\u00e9sorier du KCF.\",\"datePublished\":\"2020-02-29T21:42:37+00:00\",\"dateModified\":\"2021-08-31T20:44:23+00:00\",\"mainEntityOfPage\":{\"@id\":\"https:\/\/webkrea.kiwanisbelux.site\/bruegel\/filip-delanote-est-nomme-tresorier-du-kcf\/\"},\"wordCount\":229,\"publisher\":{\"@id\":\"https:\/\/webkrea.kiwanisbelux.site\/bruegel\/#organization\"},\"articleSection\":[\"Non classifi\u00e9(e)\"],\"inLanguage\":\"fr-FR\"},{\"@type\":\"WebPage\",\"@id\":\"https:\/\/webkrea.kiwanisbelux.site\/bruegel\/filip-delanote-est-nomme-tresorier-du-kcf\/\",\"url\":\"https:\/\/webkrea.kiwanisbelux.site\/bruegel\/filip-delanote-est-nomme-tresorier-du-kcf\/\",\"name\":\"Filip Delanote est nomm\u00e9 tr\u00e9sorier du KCF. - Kiwanis Dilbeek Bruegel\",\"isPartOf\":{\"@id\":\"https:\/\/webkrea.kiwanisbelux.site\/bruegel\/#website\"},\"datePublished\":\"2020-02-29T21:42:37+00:00\",\"dateModified\":\"2021-08-31T20:44:23+00:00\",\"breadcrumb\":{\"@id\":\"https:\/\/webkrea.kiwanisbelux.site\/bruegel\/filip-delanote-est-nomme-tresorier-du-kcf\/#breadcrumb\"},\"inLanguage\":\"fr-FR\",\"potentialAction\":[{\"@type\":\"ReadAction\",\"target\":[\"https:\/\/webkrea.kiwanisbelux.site\/bruegel\/filip-delanote-est-nomme-tresorier-du-kcf\/\"]}]},{\"@type\":\"BreadcrumbList\",\"@id\":\"https:\/\/webkrea.kiwanisbelux.site\/bruegel\/filip-delanote-est-nomme-tresorier-du-kcf\/#breadcrumb\",\"itemListElement\":[{\"@type\":\"ListItem\",\"position\":1,\"name\":\"Home\",\"item\":\"https:\/\/webkrea.kiwanisbelux.site\/bruegel\/\"},{\"@type\":\"ListItem\",\"position\":2,\"name\":\"Filip Delanote est nomm\u00e9 tr\u00e9sorier du KCF.\"}]},{\"@type\":\"WebSite\",\"@id\":\"https:\/\/webkrea.kiwanisbelux.site\/bruegel\/#website\",\"url\":\"https:\/\/webkrea.kiwanisbelux.site\/bruegel\/\",\"name\":\"Kiwanis Dilbeek Bruegel\",\"description\":\"\",\"publisher\":{\"@id\":\"https:\/\/webkrea.kiwanisbelux.site\/bruegel\/#organization\"},\"potentialAction\":[{\"@type\":\"SearchAction\",\"target\":{\"@type\":\"EntryPoint\",\"urlTemplate\":\"https:\/\/webkrea.kiwanisbelux.site\/bruegel\/?s={search_term_string}\"},\"query-input\":\"required name=search_term_string\"}],\"inLanguage\":\"fr-FR\"},{\"@type\":\"Organization\",\"@id\":\"https:\/\/webkrea.kiwanisbelux.site\/bruegel\/#organization\",\"name\":\"Kiwanis\",\"url\":\"https:\/\/webkrea.kiwanisbelux.site\/bruegel\/\",\"sameAs\":[],\"logo\":{\"@type\":\"ImageObject\",\"inLanguage\":\"fr-FR\",\"@id\":\"https:\/\/webkrea.kiwanisbelux.site\/bruegel\/#\/schema\/logo\/image\/\",\"url\":\"https:\/\/webkrea.kiwanisbelux.site\/bruegel\/wp-content\/uploads\/sites\/22\/2021\/04\/kiwanis-logo@2x.png\",\"contentUrl\":\"https:\/\/webkrea.kiwanisbelux.site\/bruegel\/wp-content\/uploads\/sites\/22\/2021\/04\/kiwanis-logo@2x.png\",\"width\":555,\"height\":100,\"caption\":\"Kiwanis\"},\"image\":{\"@id\":\"https:\/\/webkrea.kiwanisbelux.site\/bruegel\/#\/schema\/logo\/image\/\"}},{\"@type\":\"Person\",\"@id\":\"https:\/\/webkrea.kiwanisbelux.site\/bruegel\/#\/schema\/person\/51abb82d931525a42a33e229312624ae\",\"name\":\"Thierry Wergifosse\",\"image\":{\"@type\":\"ImageObject\",\"inLanguage\":\"fr-FR\",\"@id\":\"https:\/\/webkrea.kiwanisbelux.site\/bruegel\/#\/schema\/person\/image\/\",\"url\":\"https:\/\/secure.gravatar.com\/avatar\/264f92f24514d2db99cc78de50296e65?s=96&d=mm&r=g\",\"contentUrl\":\"https:\/\/secure.gravatar.com\/avatar\/264f92f24514d2db99cc78de50296e65?s=96&d=mm&r=g\",\"caption\":\"Thierry Wergifosse\"},\"url\":\"https:\/\/webkrea.kiwanisbelux.site\/bruegel\/author\/thierry\/\"}]}<\/script>\n<!-- \/ Yoast SEO plugin. -->","yoast_head_json":{"title":"Filip Delanote est nomm\u00e9 tr\u00e9sorier du KCF. - Kiwanis Dilbeek Bruegel","robots":{"index":"noindex","follow":"follow","max-snippet":"max-snippet:-1","max-image-preview":"max-image-preview:large","max-video-preview":"max-video-preview:-1"},"og_locale":"fr_FR","og_type":"article","og_title":"Filip Delanote est nomm\u00e9 tr\u00e9sorier du KCF. - Kiwanis Dilbeek Bruegel","og_description":"Filip Delanote , du KC Torhout-Houtland &#8212; District Belgique-Luxembourg , actuel Trustee du Kiwanis Children&rsquo;s Fund (KCF) &#8211; pour la p\u00e9riode 2017-2020 &#8211; et repr\u00e9sentant Europ\u00e9en aupr\u00e8s du KCF int\u00e8gre [&hellip;]","og_url":"https:\/\/webkrea.kiwanisbelux.site\/bruegel\/filip-delanote-est-nomme-tresorier-du-kcf\/","og_site_name":"Kiwanis Dilbeek Bruegel","article_published_time":"2020-02-29T21:42:37+00:00","article_modified_time":"2021-08-31T20:44:23+00:00","og_image":[{"url":"https:\/\/clients.webkrea.be\/kiwanis\/wp-content\/uploads\/sites\/22\/2021\/08\/filip.jpg"}],"author":"Thierry Wergifosse","twitter_card":"summary_large_image","twitter_misc":{"\u00c9crit par":"Thierry Wergifosse","Dur\u00e9e de lecture estim\u00e9e":"1 minute"},"schema":{"@context":"https:\/\/schema.org","@graph":[{"@type":"Article","@id":"https:\/\/webkrea.kiwanisbelux.site\/bruegel\/filip-delanote-est-nomme-tresorier-du-kcf\/#article","isPartOf":{"@id":"https:\/\/webkrea.kiwanisbelux.site\/bruegel\/filip-delanote-est-nomme-tresorier-du-kcf\/"},"author":{"name":"Thierry Wergifosse","@id":"https:\/\/webkrea.kiwanisbelux.site\/bruegel\/#\/schema\/person\/51abb82d931525a42a33e229312624ae"},"headline":"Filip Delanote est nomm\u00e9 tr\u00e9sorier du KCF.","datePublished":"2020-02-29T21:42:37+00:00","dateModified":"2021-08-31T20:44:23+00:00","mainEntityOfPage":{"@id":"https:\/\/webkrea.kiwanisbelux.site\/bruegel\/filip-delanote-est-nomme-tresorier-du-kcf\/"},"wordCount":229,"publisher":{"@id":"https:\/\/webkrea.kiwanisbelux.site\/bruegel\/#organization"},"articleSection":["Non classifi\u00e9(e)"],"inLanguage":"fr-FR"},{"@type":"WebPage","@id":"https:\/\/webkrea.kiwanisbelux.site\/bruegel\/filip-delanote-est-nomme-tresorier-du-kcf\/","url":"https:\/\/webkrea.kiwanisbelux.site\/bruegel\/filip-delanote-est-nomme-tresorier-du-kcf\/","name":"Filip Delanote est nomm\u00e9 tr\u00e9sorier du KCF. - Kiwanis Dilbeek Bruegel","isPartOf":{"@id":"https:\/\/webkrea.kiwanisbelux.site\/bruegel\/#website"},"datePublished":"2020-02-29T21:42:37+00:00","dateModified":"2021-08-31T20:44:23+00:00","breadcrumb":{"@id":"https:\/\/webkrea.kiwanisbelux.site\/bruegel\/filip-delanote-est-nomme-tresorier-du-kcf\/#breadcrumb"},"inLanguage":"fr-FR","potentialAction":[{"@type":"ReadAction","target":["https:\/\/webkrea.kiwanisbelux.site\/bruegel\/filip-delanote-est-nomme-tresorier-du-kcf\/"]}]},{"@type":"BreadcrumbList","@id":"https:\/\/webkrea.kiwanisbelux.site\/bruegel\/filip-delanote-est-nomme-tresorier-du-kcf\/#breadcrumb","itemListElement":[{"@type":"ListItem","position":1,"name":"Home","item":"https:\/\/webkrea.kiwanisbelux.site\/bruegel\/"},{"@type":"ListItem","position":2,"name":"Filip Delanote est nomm\u00e9 tr\u00e9sorier du KCF."}]},{"@type":"WebSite","@id":"https:\/\/webkrea.kiwanisbelux.site\/bruegel\/#website","url":"https:\/\/webkrea.kiwanisbelux.site\/bruegel\/","name":"Kiwanis Dilbeek Bruegel","description":"","publisher":{"@id":"https:\/\/webkrea.kiwanisbelux.site\/bruegel\/#organization"},"potentialAction":[{"@type":"SearchAction","target":{"@type":"EntryPoint","urlTemplate":"https:\/\/webkrea.kiwanisbelux.site\/bruegel\/?s={search_term_string}"},"query-input":"required name=search_term_string"}],"inLanguage":"fr-FR"},{"@type":"Organization","@id":"https:\/\/webkrea.kiwanisbelux.site\/bruegel\/#organization","name":"Kiwanis","url":"https:\/\/webkrea.kiwanisbelux.site\/bruegel\/","sameAs":[],"logo":{"@type":"ImageObject","inLanguage":"fr-FR","@id":"https:\/\/webkrea.kiwanisbelux.site\/bruegel\/#\/schema\/logo\/image\/","url":"https:\/\/webkrea.kiwanisbelux.site\/bruegel\/wp-content\/uploads\/sites\/22\/2021\/04\/kiwanis-logo@2x.png","contentUrl":"https:\/\/webkrea.kiwanisbelux.site\/bruegel\/wp-content\/uploads\/sites\/22\/2021\/04\/kiwanis-logo@2x.png","width":555,"height":100,"caption":"Kiwanis"},"image":{"@id":"https:\/\/webkrea.kiwanisbelux.site\/bruegel\/#\/schema\/logo\/image\/"}},{"@type":"Person","@id":"https:\/\/webkrea.kiwanisbelux.site\/bruegel\/#\/schema\/person\/51abb82d931525a42a33e229312624ae","name":"Thierry Wergifosse","image":{"@type":"ImageObject","inLanguage":"fr-FR","@id":"https:\/\/webkrea.kiwanisbelux.site\/bruegel\/#\/schema\/person\/image\/","url":"https:\/\/secure.gravatar.com\/avatar\/264f92f24514d2db99cc78de50296e65?s=96&d=mm&r=g","contentUrl":"https:\/\/secure.gravatar.com\/avatar\/264f92f24514d2db99cc78de50296e65?s=96&d=mm&r=g","caption":"Thierry Wergifosse"},"url":"https:\/\/webkrea.kiwanisbelux.site\/bruegel\/author\/thierry\/"}]}},"_links":{"self":[{"href":"https:\/\/webkrea.kiwanisbelux.site\/bruegel\/wp-json\/wp\/v2\/posts\/1118"}],"collection":[{"href":"https:\/\/webkrea.kiwanisbelux.site\/bruegel\/wp-json\/wp\/v2\/posts"}],"about":[{"href":"https:\/\/webkrea.kiwanisbelux.site\/bruegel\/wp-json\/wp\/v2\/types\/post"}],"author":[{"embeddable":true,"href":"https:\/\/webkrea.kiwanisbelux.site\/bruegel\/wp-json\/wp\/v2\/users\/2"}],"replies":[{"embeddable":true,"href":"https:\/\/webkrea.kiwanisbelux.site\/bruegel\/wp-json\/wp\/v2\/comments?post=1118"}],"version-history":[{"count":1,"href":"https:\/\/webkrea.kiwanisbelux.site\/bruegel\/wp-json\/wp\/v2\/posts\/1118\/revisions"}],"predecessor-version":[{"id":1122,"href":"https:\/\/webkrea.kiwanisbelux.site\/bruegel\/wp-json\/wp\/v2\/posts\/1118\/revisions\/1122"}],"wp:attachment":[{"href":"https:\/\/webkrea.kiwanisbelux.site\/bruegel\/wp-json\/wp\/v2\/media?parent=1118"}],"wp:term":[{"taxonomy":"category","embeddable":true,"href":"https:\/\/webkrea.kiwanisbelux.site\/bruegel\/wp-json\/wp\/v2\/categories?post=1118"},{"taxonomy":"post_tag","embeddable":true,"href":"https:\/\/webkrea.kiwanisbelux.site\/bruegel\/wp-json\/wp\/v2\/tags?post=1118"}],"curies":[{"name":"wp","href":"https:\/\/api.w.org\/{rel}","templated":true}]}}