{"id":1113,"date":"2020-03-10T22:41:05","date_gmt":"2020-03-10T21:41:05","guid":{"rendered":"https:\/\/clients.webkrea.be\/kiwanis\/?p=1113"},"modified":"2021-08-31T22:42:16","modified_gmt":"2021-08-31T20:42:16","slug":"deces-dandre-leruth-le-7-mars-2020","status":"publish","type":"post","link":"https:\/\/webkrea.kiwanisbelux.site\/bruegel\/deces-dandre-leruth-le-7-mars-2020\/","title":{"rendered":"D\u00e9c\u00e8s d&rsquo;Andr\u00e9 Leruth le 7 mars 2020"},"content":{"rendered":"<p><strong>Andr\u00e9 L\u00e9ruth,<\/strong>\u00a0figure embl\u00e9matique du Club d&rsquo;Hannut Geer Mehaigne nous a quitt\u00e9, brusquement, ce samedi 7 mars.<\/p>\n<p>C&rsquo;\u00e9tait un homme fonci\u00e8rement bon et toujours pr\u00eat \u00e0 s&rsquo;engager.<\/p>\n<p>Son sourire et sa bonne humeur ne laissaient\u00a0personne indiff\u00e9rent.<\/p>\n<p>Il vient de nous quitter et il nous manque d\u00e9j\u00e0 cruellement &#8230;.<\/p>\n<p><img loading=\"lazy\" class=\"alignnone size-medium wp-image-1114\" src=\"https:\/\/clients.webkrea.be\/kiwanis\/wp-content\/uploads\/sites\/22\/2021\/08\/andre\u0301-238x300.jpg\" alt=\"\" width=\"238\" height=\"300\" srcset=\"https:\/\/webkrea.kiwanisbelux.site\/bruegel\/wp-content\/uploads\/sites\/22\/2021\/08\/andre\u0301-238x300.jpg 238w, https:\/\/webkrea.kiwanisbelux.site\/bruegel\/wp-content\/uploads\/sites\/22\/2021\/08\/andre\u0301-200x252.jpg 200w, https:\/\/webkrea.kiwanisbelux.site\/bruegel\/wp-content\/uploads\/sites\/22\/2021\/08\/andre\u0301-400x504.jpg 400w, https:\/\/webkrea.kiwanisbelux.site\/bruegel\/wp-content\/uploads\/sites\/22\/2021\/08\/andre\u0301-600x756.jpg 600w, https:\/\/webkrea.kiwanisbelux.site\/bruegel\/wp-content\/uploads\/sites\/22\/2021\/08\/andre\u0301.jpg 762w\" sizes=\"(max-width: 238px) 100vw, 238px\" \/><\/p>\n<p>La liturgie des fun\u00e9railles, suivie de l\u2019inhumation dans le caveau familial, sera c\u00e9l\u00e9br\u00e9e en l\u2019\u00e9glise Saint-Christophe de Hannut\u00a0<strong>le vendredi 13 mars 2020 \u00e0 14 heures.<\/strong><br \/>\nR\u00e9union \u00e0 l\u2019\u00e9glise.<\/p>\n<p>Andr\u00e9 repose \u00e0 son domicile, 5, rue Louis Snyers \u00e0 4280 Hannut, o\u00f9 un dernier hommage peut lui \u00eatre rendu les mardi 10, mercredi 11 et jeudi 12 mars de 17 \u00e0 20 heures.<\/p>\n","protected":false},"excerpt":{"rendered":"<p>Andr\u00e9 L\u00e9ruth,\u00a0figure embl\u00e9matique du Club d&rsquo;Hannut Geer Mehaigne nous a quitt\u00e9, brusquement, ce samedi 7 mars. C&rsquo;\u00e9tait un homme fonci\u00e8rement bon et toujours pr\u00eat \u00e0 s&rsquo;engager. Son sourire et sa [&hellip;]<\/p>\n","protected":false},"author":2,"featured_media":0,"comment_status":"closed","ping_status":"closed","sticky":false,"template":"","format":"standard","meta":{"_et_pb_use_builder":"","_et_pb_old_content":"","_et_gb_content_width":""},"categories":[1],"tags":[],"yoast_head":"<!-- This site is optimized with the Yoast SEO plugin v19.8 - https:\/\/yoast.com\/wordpress\/plugins\/seo\/ -->\n<title>D\u00e9c\u00e8s d&#039;Andr\u00e9 Leruth le 7 mars 2020 - Kiwanis Dilbeek Bruegel<\/title>\n<meta name=\"robots\" content=\"noindex, follow, max-snippet:-1, max-image-preview:large, max-video-preview:-1\" \/>\n<meta property=\"og:locale\" content=\"fr_FR\" \/>\n<meta property=\"og:type\" content=\"article\" \/>\n<meta property=\"og:title\" content=\"D\u00e9c\u00e8s d&#039;Andr\u00e9 Leruth le 7 mars 2020 - Kiwanis Dilbeek Bruegel\" \/>\n<meta property=\"og:description\" content=\"Andr\u00e9 L\u00e9ruth,\u00a0figure embl\u00e9matique du Club d&rsquo;Hannut Geer Mehaigne nous a quitt\u00e9, brusquement, ce samedi 7 mars. C&rsquo;\u00e9tait un homme fonci\u00e8rement bon et toujours pr\u00eat \u00e0 s&rsquo;engager. Son sourire et sa [&hellip;]\" \/>\n<meta property=\"og:url\" content=\"https:\/\/webkrea.kiwanisbelux.site\/bruegel\/deces-dandre-leruth-le-7-mars-2020\/\" \/>\n<meta property=\"og:site_name\" content=\"Kiwanis Dilbeek Bruegel\" \/>\n<meta property=\"article:published_time\" content=\"2020-03-10T21:41:05+00:00\" \/>\n<meta property=\"article:modified_time\" content=\"2021-08-31T20:42:16+00:00\" \/>\n<meta name=\"author\" content=\"Thierry Wergifosse\" \/>\n<meta name=\"twitter:card\" content=\"summary_large_image\" \/>\n<meta name=\"twitter:label1\" content=\"\u00c9crit par\" \/>\n\t<meta name=\"twitter:data1\" content=\"Thierry Wergifosse\" \/>\n\t<meta name=\"twitter:label2\" content=\"Dur\u00e9e de lecture estim\u00e9e\" \/>\n\t<meta name=\"twitter:data2\" content=\"1 minute\" \/>\n<script type=\"application\/ld+json\" class=\"yoast-schema-graph\">{\"@context\":\"https:\/\/schema.org\",\"@graph\":[{\"@type\":\"Article\",\"@id\":\"https:\/\/webkrea.kiwanisbelux.site\/bruegel\/deces-dandre-leruth-le-7-mars-2020\/#article\",\"isPartOf\":{\"@id\":\"https:\/\/webkrea.kiwanisbelux.site\/bruegel\/deces-dandre-leruth-le-7-mars-2020\/\"},\"author\":{\"name\":\"Thierry Wergifosse\",\"@id\":\"https:\/\/webkrea.kiwanisbelux.site\/bruegel\/#\/schema\/person\/51abb82d931525a42a33e229312624ae\"},\"headline\":\"D\u00e9c\u00e8s d&rsquo;Andr\u00e9 Leruth le 7 mars 2020\",\"datePublished\":\"2020-03-10T21:41:05+00:00\",\"dateModified\":\"2021-08-31T20:42:16+00:00\",\"mainEntityOfPage\":{\"@id\":\"https:\/\/webkrea.kiwanisbelux.site\/bruegel\/deces-dandre-leruth-le-7-mars-2020\/\"},\"wordCount\":116,\"publisher\":{\"@id\":\"https:\/\/webkrea.kiwanisbelux.site\/bruegel\/#organization\"},\"articleSection\":[\"Non classifi\u00e9(e)\"],\"inLanguage\":\"fr-FR\"},{\"@type\":\"WebPage\",\"@id\":\"https:\/\/webkrea.kiwanisbelux.site\/bruegel\/deces-dandre-leruth-le-7-mars-2020\/\",\"url\":\"https:\/\/webkrea.kiwanisbelux.site\/bruegel\/deces-dandre-leruth-le-7-mars-2020\/\",\"name\":\"D\u00e9c\u00e8s d'Andr\u00e9 Leruth le 7 mars 2020 - Kiwanis Dilbeek Bruegel\",\"isPartOf\":{\"@id\":\"https:\/\/webkrea.kiwanisbelux.site\/bruegel\/#website\"},\"datePublished\":\"2020-03-10T21:41:05+00:00\",\"dateModified\":\"2021-08-31T20:42:16+00:00\",\"breadcrumb\":{\"@id\":\"https:\/\/webkrea.kiwanisbelux.site\/bruegel\/deces-dandre-leruth-le-7-mars-2020\/#breadcrumb\"},\"inLanguage\":\"fr-FR\",\"potentialAction\":[{\"@type\":\"ReadAction\",\"target\":[\"https:\/\/webkrea.kiwanisbelux.site\/bruegel\/deces-dandre-leruth-le-7-mars-2020\/\"]}]},{\"@type\":\"BreadcrumbList\",\"@id\":\"https:\/\/webkrea.kiwanisbelux.site\/bruegel\/deces-dandre-leruth-le-7-mars-2020\/#breadcrumb\",\"itemListElement\":[{\"@type\":\"ListItem\",\"position\":1,\"name\":\"Home\",\"item\":\"https:\/\/webkrea.kiwanisbelux.site\/bruegel\/\"},{\"@type\":\"ListItem\",\"position\":2,\"name\":\"D\u00e9c\u00e8s d&#8217;Andr\u00e9 Leruth le 7 mars 2020\"}]},{\"@type\":\"WebSite\",\"@id\":\"https:\/\/webkrea.kiwanisbelux.site\/bruegel\/#website\",\"url\":\"https:\/\/webkrea.kiwanisbelux.site\/bruegel\/\",\"name\":\"Kiwanis Dilbeek Bruegel\",\"description\":\"\",\"publisher\":{\"@id\":\"https:\/\/webkrea.kiwanisbelux.site\/bruegel\/#organization\"},\"potentialAction\":[{\"@type\":\"SearchAction\",\"target\":{\"@type\":\"EntryPoint\",\"urlTemplate\":\"https:\/\/webkrea.kiwanisbelux.site\/bruegel\/?s={search_term_string}\"},\"query-input\":\"required name=search_term_string\"}],\"inLanguage\":\"fr-FR\"},{\"@type\":\"Organization\",\"@id\":\"https:\/\/webkrea.kiwanisbelux.site\/bruegel\/#organization\",\"name\":\"Kiwanis\",\"url\":\"https:\/\/webkrea.kiwanisbelux.site\/bruegel\/\",\"sameAs\":[],\"logo\":{\"@type\":\"ImageObject\",\"inLanguage\":\"fr-FR\",\"@id\":\"https:\/\/webkrea.kiwanisbelux.site\/bruegel\/#\/schema\/logo\/image\/\",\"url\":\"https:\/\/webkrea.kiwanisbelux.site\/bruegel\/wp-content\/uploads\/sites\/22\/2021\/04\/kiwanis-logo@2x.png\",\"contentUrl\":\"https:\/\/webkrea.kiwanisbelux.site\/bruegel\/wp-content\/uploads\/sites\/22\/2021\/04\/kiwanis-logo@2x.png\",\"width\":555,\"height\":100,\"caption\":\"Kiwanis\"},\"image\":{\"@id\":\"https:\/\/webkrea.kiwanisbelux.site\/bruegel\/#\/schema\/logo\/image\/\"}},{\"@type\":\"Person\",\"@id\":\"https:\/\/webkrea.kiwanisbelux.site\/bruegel\/#\/schema\/person\/51abb82d931525a42a33e229312624ae\",\"name\":\"Thierry Wergifosse\",\"image\":{\"@type\":\"ImageObject\",\"inLanguage\":\"fr-FR\",\"@id\":\"https:\/\/webkrea.kiwanisbelux.site\/bruegel\/#\/schema\/person\/image\/\",\"url\":\"https:\/\/secure.gravatar.com\/avatar\/264f92f24514d2db99cc78de50296e65?s=96&d=mm&r=g\",\"contentUrl\":\"https:\/\/secure.gravatar.com\/avatar\/264f92f24514d2db99cc78de50296e65?s=96&d=mm&r=g\",\"caption\":\"Thierry Wergifosse\"},\"url\":\"https:\/\/webkrea.kiwanisbelux.site\/bruegel\/author\/thierry\/\"}]}<\/script>\n<!-- \/ Yoast SEO plugin. -->","yoast_head_json":{"title":"D\u00e9c\u00e8s d'Andr\u00e9 Leruth le 7 mars 2020 - Kiwanis Dilbeek Bruegel","robots":{"index":"noindex","follow":"follow","max-snippet":"max-snippet:-1","max-image-preview":"max-image-preview:large","max-video-preview":"max-video-preview:-1"},"og_locale":"fr_FR","og_type":"article","og_title":"D\u00e9c\u00e8s d'Andr\u00e9 Leruth le 7 mars 2020 - Kiwanis Dilbeek Bruegel","og_description":"Andr\u00e9 L\u00e9ruth,\u00a0figure embl\u00e9matique du Club d&rsquo;Hannut Geer Mehaigne nous a quitt\u00e9, brusquement, ce samedi 7 mars. C&rsquo;\u00e9tait un homme fonci\u00e8rement bon et toujours pr\u00eat \u00e0 s&rsquo;engager. Son sourire et sa [&hellip;]","og_url":"https:\/\/webkrea.kiwanisbelux.site\/bruegel\/deces-dandre-leruth-le-7-mars-2020\/","og_site_name":"Kiwanis Dilbeek Bruegel","article_published_time":"2020-03-10T21:41:05+00:00","article_modified_time":"2021-08-31T20:42:16+00:00","author":"Thierry Wergifosse","twitter_card":"summary_large_image","twitter_misc":{"\u00c9crit par":"Thierry Wergifosse","Dur\u00e9e de lecture estim\u00e9e":"1 minute"},"schema":{"@context":"https:\/\/schema.org","@graph":[{"@type":"Article","@id":"https:\/\/webkrea.kiwanisbelux.site\/bruegel\/deces-dandre-leruth-le-7-mars-2020\/#article","isPartOf":{"@id":"https:\/\/webkrea.kiwanisbelux.site\/bruegel\/deces-dandre-leruth-le-7-mars-2020\/"},"author":{"name":"Thierry Wergifosse","@id":"https:\/\/webkrea.kiwanisbelux.site\/bruegel\/#\/schema\/person\/51abb82d931525a42a33e229312624ae"},"headline":"D\u00e9c\u00e8s d&rsquo;Andr\u00e9 Leruth le 7 mars 2020","datePublished":"2020-03-10T21:41:05+00:00","dateModified":"2021-08-31T20:42:16+00:00","mainEntityOfPage":{"@id":"https:\/\/webkrea.kiwanisbelux.site\/bruegel\/deces-dandre-leruth-le-7-mars-2020\/"},"wordCount":116,"publisher":{"@id":"https:\/\/webkrea.kiwanisbelux.site\/bruegel\/#organization"},"articleSection":["Non classifi\u00e9(e)"],"inLanguage":"fr-FR"},{"@type":"WebPage","@id":"https:\/\/webkrea.kiwanisbelux.site\/bruegel\/deces-dandre-leruth-le-7-mars-2020\/","url":"https:\/\/webkrea.kiwanisbelux.site\/bruegel\/deces-dandre-leruth-le-7-mars-2020\/","name":"D\u00e9c\u00e8s d'Andr\u00e9 Leruth le 7 mars 2020 - Kiwanis Dilbeek Bruegel","isPartOf":{"@id":"https:\/\/webkrea.kiwanisbelux.site\/bruegel\/#website"},"datePublished":"2020-03-10T21:41:05+00:00","dateModified":"2021-08-31T20:42:16+00:00","breadcrumb":{"@id":"https:\/\/webkrea.kiwanisbelux.site\/bruegel\/deces-dandre-leruth-le-7-mars-2020\/#breadcrumb"},"inLanguage":"fr-FR","potentialAction":[{"@type":"ReadAction","target":["https:\/\/webkrea.kiwanisbelux.site\/bruegel\/deces-dandre-leruth-le-7-mars-2020\/"]}]},{"@type":"BreadcrumbList","@id":"https:\/\/webkrea.kiwanisbelux.site\/bruegel\/deces-dandre-leruth-le-7-mars-2020\/#breadcrumb","itemListElement":[{"@type":"ListItem","position":1,"name":"Home","item":"https:\/\/webkrea.kiwanisbelux.site\/bruegel\/"},{"@type":"ListItem","position":2,"name":"D\u00e9c\u00e8s d&#8217;Andr\u00e9 Leruth le 7 mars 2020"}]},{"@type":"WebSite","@id":"https:\/\/webkrea.kiwanisbelux.site\/bruegel\/#website","url":"https:\/\/webkrea.kiwanisbelux.site\/bruegel\/","name":"Kiwanis Dilbeek Bruegel","description":"","publisher":{"@id":"https:\/\/webkrea.kiwanisbelux.site\/bruegel\/#organization"},"potentialAction":[{"@type":"SearchAction","target":{"@type":"EntryPoint","urlTemplate":"https:\/\/webkrea.kiwanisbelux.site\/bruegel\/?s={search_term_string}"},"query-input":"required name=search_term_string"}],"inLanguage":"fr-FR"},{"@type":"Organization","@id":"https:\/\/webkrea.kiwanisbelux.site\/bruegel\/#organization","name":"Kiwanis","url":"https:\/\/webkrea.kiwanisbelux.site\/bruegel\/","sameAs":[],"logo":{"@type":"ImageObject","inLanguage":"fr-FR","@id":"https:\/\/webkrea.kiwanisbelux.site\/bruegel\/#\/schema\/logo\/image\/","url":"https:\/\/webkrea.kiwanisbelux.site\/bruegel\/wp-content\/uploads\/sites\/22\/2021\/04\/kiwanis-logo@2x.png","contentUrl":"https:\/\/webkrea.kiwanisbelux.site\/bruegel\/wp-content\/uploads\/sites\/22\/2021\/04\/kiwanis-logo@2x.png","width":555,"height":100,"caption":"Kiwanis"},"image":{"@id":"https:\/\/webkrea.kiwanisbelux.site\/bruegel\/#\/schema\/logo\/image\/"}},{"@type":"Person","@id":"https:\/\/webkrea.kiwanisbelux.site\/bruegel\/#\/schema\/person\/51abb82d931525a42a33e229312624ae","name":"Thierry Wergifosse","image":{"@type":"ImageObject","inLanguage":"fr-FR","@id":"https:\/\/webkrea.kiwanisbelux.site\/bruegel\/#\/schema\/person\/image\/","url":"https:\/\/secure.gravatar.com\/avatar\/264f92f24514d2db99cc78de50296e65?s=96&d=mm&r=g","contentUrl":"https:\/\/secure.gravatar.com\/avatar\/264f92f24514d2db99cc78de50296e65?s=96&d=mm&r=g","caption":"Thierry Wergifosse"},"url":"https:\/\/webkrea.kiwanisbelux.site\/bruegel\/author\/thierry\/"}]}},"_links":{"self":[{"href":"https:\/\/webkrea.kiwanisbelux.site\/bruegel\/wp-json\/wp\/v2\/posts\/1113"}],"collection":[{"href":"https:\/\/webkrea.kiwanisbelux.site\/bruegel\/wp-json\/wp\/v2\/posts"}],"about":[{"href":"https:\/\/webkrea.kiwanisbelux.site\/bruegel\/wp-json\/wp\/v2\/types\/post"}],"author":[{"embeddable":true,"href":"https:\/\/webkrea.kiwanisbelux.site\/bruegel\/wp-json\/wp\/v2\/users\/2"}],"replies":[{"embeddable":true,"href":"https:\/\/webkrea.kiwanisbelux.site\/bruegel\/wp-json\/wp\/v2\/comments?post=1113"}],"version-history":[{"count":1,"href":"https:\/\/webkrea.kiwanisbelux.site\/bruegel\/wp-json\/wp\/v2\/posts\/1113\/revisions"}],"predecessor-version":[{"id":1117,"href":"https:\/\/webkrea.kiwanisbelux.site\/bruegel\/wp-json\/wp\/v2\/posts\/1113\/revisions\/1117"}],"wp:attachment":[{"href":"https:\/\/webkrea.kiwanisbelux.site\/bruegel\/wp-json\/wp\/v2\/media?parent=1113"}],"wp:term":[{"taxonomy":"category","embeddable":true,"href":"https:\/\/webkrea.kiwanisbelux.site\/bruegel\/wp-json\/wp\/v2\/categories?post=1113"},{"taxonomy":"post_tag","embeddable":true,"href":"https:\/\/webkrea.kiwanisbelux.site\/bruegel\/wp-json\/wp\/v2\/tags?post=1113"}],"curies":[{"name":"wp","href":"https:\/\/api.w.org\/{rel}","templated":true}]}}