{"id":1078,"date":"2020-09-17T22:27:28","date_gmt":"2020-09-17T20:27:28","guid":{"rendered":"https:\/\/clients.webkrea.be\/kiwanis\/?p=1078"},"modified":"2021-08-31T22:32:20","modified_gmt":"2021-08-31T20:32:20","slug":"kinshasa-school-une-lueur-dans-le-tunnel","status":"publish","type":"post","link":"https:\/\/webkrea.kiwanisbelux.site\/bruegel\/kinshasa-school-une-lueur-dans-le-tunnel\/","title":{"rendered":"Kinshasa School: Une lueur dans le tunnel"},"content":{"rendered":"<p>On aimerait vous dire comme d\u2019habitude que pour Kinshasa School, tout va tr\u00e8s bien, que tous les enfants vont \u00e0 l\u2019\u00e9cole, y ont de bons r\u00e9sultats, que nos r\u00e9coltes de fonds vont bien et qu\u2019apr\u00e8s 10 ann\u00e9es de soutien \u00e0 nos 100 enfants, tout va pour le mieux.<\/p>\n<p>H\u00e9las, comme dans la chanson \u00e0 madame la Marquise, les nouvelles ne sont pas si bonnes.<\/p>\n<p>A l\u2019\u00e9cole tout d\u2019abord, les enfants ont \u00e9t\u00e9 priv\u00e9s d\u2019\u00e9cole \u00e0 la fin de l\u2019ann\u00e9e scolaire pass\u00e9e en raison des mesures dues \u00e0 la pand\u00e9mie. Comme chez nous. Jusque l\u00e0, le travail et les r\u00e9sultats scolaires \u00e9taient comme d\u2019habitude heureusement au rendez-vous!<\/p>\n<p>La rentr\u00e9e 2020, d\u2019autre part, n\u2019aura pas lieu avant le 4 octobre.<\/p>\n<p>En ce qui concerne l\u2019engagement politique de payer les enseignants, rien n\u2019est h\u00e9las encore venu.<\/p>\n<p><img loading=\"lazy\" class=\"alignnone size-medium wp-image-1079\" src=\"https:\/\/clients.webkrea.be\/kiwanis\/wp-content\/uploads\/sites\/22\/2021\/08\/photo_champs-1-300x154.jpg\" alt=\"\" width=\"300\" height=\"154\" srcset=\"https:\/\/webkrea.kiwanisbelux.site\/bruegel\/wp-content\/uploads\/sites\/22\/2021\/08\/photo_champs-1-300x154.jpg 300w, https:\/\/webkrea.kiwanisbelux.site\/bruegel\/wp-content\/uploads\/sites\/22\/2021\/08\/photo_champs-1-200x102.jpg 200w, https:\/\/webkrea.kiwanisbelux.site\/bruegel\/wp-content\/uploads\/sites\/22\/2021\/08\/photo_champs-1-400x205.jpg 400w, https:\/\/webkrea.kiwanisbelux.site\/bruegel\/wp-content\/uploads\/sites\/22\/2021\/08\/photo_champs-1.jpg 570w\" sizes=\"(max-width: 300px) 100vw, 300px\" \/><\/p>\n<p><em>Priv\u00e9s d&rsquo;\u00e9cole, les enfants ont \u00e9t\u00e9 initi\u00e9s au jardinage<\/em><\/p>\n<p>De notre c\u00f4t\u00e9, la r\u00e9colte de fonds est \u00e0 la peine: le cap annuel des 25.000 \u20ac, pour scolariser 100 enfants, ne sera pas atteint cette ann\u00e9e. Nous sommes \u00e0 ce jour \u00e0 seulement 19.274 \u20ac.<\/p>\n<p>On pourra dire que ce n\u2019est d\u00e9j\u00e0 pas si mal vu les circonstances difficiles du moment, mais les faits sont l\u00e0: pour les enfants, le temps ne s\u2019arr\u00eate pas et leur besoin d\u2019\u00e9ducation non plus<\/p>\n<p>Il n\u2018en reste pas moins que la belle histoire de notre soutien depuis 10 ann\u00e9es s\u2019essouffle.<\/p>\n<p>On peut donc dire que le projet Kinshasa School est un peu dans la travers\u00e9e du tunnel. Une lueur luit cependant: les enfants de Kinshasa semblent \u00eatre pr\u00e9serv\u00e9s jusqu\u2019\u00e0 pr\u00e9sent du Covid 19. Pour autant qu\u2019on puisse faire confiance aux informations re\u00e7ues, les rares cas constat\u00e9s au Congo viendraient des personnes qui ont voyag\u00e9 \u00e0 l\u2019\u00e9tranger. Pourvu que cela dure!<\/p>\n<p><img loading=\"lazy\" class=\"alignnone size-medium wp-image-1082\" src=\"https:\/\/clients.webkrea.be\/kiwanis\/wp-content\/uploads\/sites\/22\/2021\/08\/photo_classe-1-300x200.jpg\" alt=\"\" width=\"300\" height=\"200\" srcset=\"https:\/\/webkrea.kiwanisbelux.site\/bruegel\/wp-content\/uploads\/sites\/22\/2021\/08\/photo_classe-1-300x200.jpg 300w, https:\/\/webkrea.kiwanisbelux.site\/bruegel\/wp-content\/uploads\/sites\/22\/2021\/08\/photo_classe-1-200x134.jpg 200w, https:\/\/webkrea.kiwanisbelux.site\/bruegel\/wp-content\/uploads\/sites\/22\/2021\/08\/photo_classe-1-400x267.jpg 400w, https:\/\/webkrea.kiwanisbelux.site\/bruegel\/wp-content\/uploads\/sites\/22\/2021\/08\/photo_classe-1.jpg 491w\" sizes=\"(max-width: 300px) 100vw, 300px\" \/><\/p>\n<p>Un tout grand merci aux clubs et membres qui soutiennent Kinshasa School, parfois avec une grande fid\u00e9lit\u00e9.<\/p>\n<p>Si vous vous sentez concern\u00e9s par le sort des Enfants du Monde livr\u00e9s \u00e0 la rue, aux trafics et priv\u00e9s d\u2019\u00e9ducation, apportez nous votre soutien. Kinshasa School est un bon endroit pour le faire avec une ampleur que seul ou avec votre club vous ne pourriez pas atteindre!<\/p>\n<p>Tout don de membre ou club sera bienvenu et portera plus haut l\u2019\u00e9tendard des clubs de notre District Kiwanis Belgique-Luxembourg au Service des Enfants du Monde.<\/p>\n<p>Gardons la foi!<\/p>\n<p>Kiwanis school Kinshasa\u00a0:<br \/>\nIBAN : <strong>BE17 7320 1623 4821 <\/strong><strong><br \/>\n<\/strong>attestation fiscale pour dons \u00e0 partir de 40\u20ac<\/p>\n<p>au Grand Duch\u00e9 de Luxembourg\u00a0:<br \/>\nFondation Kiwanis Luxembourg<br \/>\n<strong>LU88 1111 1970 0090 0000\u00a0&#8211; CCPLLULL<\/strong><strong>\u00a0<\/strong><\/p>\n<p>Avec mention Kinshasa School<\/p>\n","protected":false},"excerpt":{"rendered":"<p>On aimerait vous dire comme d\u2019habitude que pour Kinshasa School, tout va tr\u00e8s bien, que tous les enfants vont \u00e0 l\u2019\u00e9cole, y ont de bons r\u00e9sultats, que nos r\u00e9coltes de [&hellip;]<\/p>\n","protected":false},"author":2,"featured_media":0,"comment_status":"closed","ping_status":"closed","sticky":false,"template":"","format":"standard","meta":{"_et_pb_use_builder":"","_et_pb_old_content":"","_et_gb_content_width":""},"categories":[1],"tags":[],"yoast_head":"<!-- This site is optimized with the Yoast SEO plugin v19.8 - https:\/\/yoast.com\/wordpress\/plugins\/seo\/ -->\n<title>Kinshasa School: Une lueur dans le tunnel - Kiwanis Dilbeek Bruegel<\/title>\n<meta name=\"robots\" content=\"noindex, follow, max-snippet:-1, max-image-preview:large, max-video-preview:-1\" \/>\n<meta property=\"og:locale\" content=\"fr_FR\" \/>\n<meta property=\"og:type\" content=\"article\" \/>\n<meta property=\"og:title\" content=\"Kinshasa School: Une lueur dans le tunnel - Kiwanis Dilbeek Bruegel\" \/>\n<meta property=\"og:description\" content=\"On aimerait vous dire comme d\u2019habitude que pour Kinshasa School, tout va tr\u00e8s bien, que tous les enfants vont \u00e0 l\u2019\u00e9cole, y ont de bons r\u00e9sultats, que nos r\u00e9coltes de [&hellip;]\" \/>\n<meta property=\"og:url\" content=\"https:\/\/webkrea.kiwanisbelux.site\/bruegel\/kinshasa-school-une-lueur-dans-le-tunnel\/\" \/>\n<meta property=\"og:site_name\" content=\"Kiwanis Dilbeek Bruegel\" \/>\n<meta property=\"article:published_time\" content=\"2020-09-17T20:27:28+00:00\" \/>\n<meta property=\"article:modified_time\" content=\"2021-08-31T20:32:20+00:00\" \/>\n<meta property=\"og:image\" content=\"https:\/\/clients.webkrea.be\/kiwanis\/wp-content\/uploads\/sites\/22\/2021\/08\/photo_champs-1-300x154.jpg\" \/>\n<meta name=\"author\" content=\"Thierry Wergifosse\" \/>\n<meta name=\"twitter:card\" content=\"summary_large_image\" \/>\n<meta name=\"twitter:label1\" content=\"\u00c9crit par\" \/>\n\t<meta name=\"twitter:data1\" content=\"Thierry Wergifosse\" \/>\n\t<meta name=\"twitter:label2\" content=\"Dur\u00e9e de lecture estim\u00e9e\" \/>\n\t<meta name=\"twitter:data2\" content=\"2 minutes\" \/>\n<script type=\"application\/ld+json\" class=\"yoast-schema-graph\">{\"@context\":\"https:\/\/schema.org\",\"@graph\":[{\"@type\":\"Article\",\"@id\":\"https:\/\/webkrea.kiwanisbelux.site\/bruegel\/kinshasa-school-une-lueur-dans-le-tunnel\/#article\",\"isPartOf\":{\"@id\":\"https:\/\/webkrea.kiwanisbelux.site\/bruegel\/kinshasa-school-une-lueur-dans-le-tunnel\/\"},\"author\":{\"name\":\"Thierry Wergifosse\",\"@id\":\"https:\/\/webkrea.kiwanisbelux.site\/bruegel\/#\/schema\/person\/51abb82d931525a42a33e229312624ae\"},\"headline\":\"Kinshasa School: Une lueur dans le tunnel\",\"datePublished\":\"2020-09-17T20:27:28+00:00\",\"dateModified\":\"2021-08-31T20:32:20+00:00\",\"mainEntityOfPage\":{\"@id\":\"https:\/\/webkrea.kiwanisbelux.site\/bruegel\/kinshasa-school-une-lueur-dans-le-tunnel\/\"},\"wordCount\":448,\"publisher\":{\"@id\":\"https:\/\/webkrea.kiwanisbelux.site\/bruegel\/#organization\"},\"articleSection\":[\"Non classifi\u00e9(e)\"],\"inLanguage\":\"fr-FR\"},{\"@type\":\"WebPage\",\"@id\":\"https:\/\/webkrea.kiwanisbelux.site\/bruegel\/kinshasa-school-une-lueur-dans-le-tunnel\/\",\"url\":\"https:\/\/webkrea.kiwanisbelux.site\/bruegel\/kinshasa-school-une-lueur-dans-le-tunnel\/\",\"name\":\"Kinshasa School: Une lueur dans le tunnel - Kiwanis Dilbeek Bruegel\",\"isPartOf\":{\"@id\":\"https:\/\/webkrea.kiwanisbelux.site\/bruegel\/#website\"},\"datePublished\":\"2020-09-17T20:27:28+00:00\",\"dateModified\":\"2021-08-31T20:32:20+00:00\",\"breadcrumb\":{\"@id\":\"https:\/\/webkrea.kiwanisbelux.site\/bruegel\/kinshasa-school-une-lueur-dans-le-tunnel\/#breadcrumb\"},\"inLanguage\":\"fr-FR\",\"potentialAction\":[{\"@type\":\"ReadAction\",\"target\":[\"https:\/\/webkrea.kiwanisbelux.site\/bruegel\/kinshasa-school-une-lueur-dans-le-tunnel\/\"]}]},{\"@type\":\"BreadcrumbList\",\"@id\":\"https:\/\/webkrea.kiwanisbelux.site\/bruegel\/kinshasa-school-une-lueur-dans-le-tunnel\/#breadcrumb\",\"itemListElement\":[{\"@type\":\"ListItem\",\"position\":1,\"name\":\"Home\",\"item\":\"https:\/\/webkrea.kiwanisbelux.site\/bruegel\/\"},{\"@type\":\"ListItem\",\"position\":2,\"name\":\"Kinshasa School: Une lueur dans le tunnel\"}]},{\"@type\":\"WebSite\",\"@id\":\"https:\/\/webkrea.kiwanisbelux.site\/bruegel\/#website\",\"url\":\"https:\/\/webkrea.kiwanisbelux.site\/bruegel\/\",\"name\":\"Kiwanis Dilbeek Bruegel\",\"description\":\"\",\"publisher\":{\"@id\":\"https:\/\/webkrea.kiwanisbelux.site\/bruegel\/#organization\"},\"potentialAction\":[{\"@type\":\"SearchAction\",\"target\":{\"@type\":\"EntryPoint\",\"urlTemplate\":\"https:\/\/webkrea.kiwanisbelux.site\/bruegel\/?s={search_term_string}\"},\"query-input\":\"required name=search_term_string\"}],\"inLanguage\":\"fr-FR\"},{\"@type\":\"Organization\",\"@id\":\"https:\/\/webkrea.kiwanisbelux.site\/bruegel\/#organization\",\"name\":\"Kiwanis\",\"url\":\"https:\/\/webkrea.kiwanisbelux.site\/bruegel\/\",\"sameAs\":[],\"logo\":{\"@type\":\"ImageObject\",\"inLanguage\":\"fr-FR\",\"@id\":\"https:\/\/webkrea.kiwanisbelux.site\/bruegel\/#\/schema\/logo\/image\/\",\"url\":\"https:\/\/webkrea.kiwanisbelux.site\/bruegel\/wp-content\/uploads\/sites\/22\/2021\/04\/kiwanis-logo@2x.png\",\"contentUrl\":\"https:\/\/webkrea.kiwanisbelux.site\/bruegel\/wp-content\/uploads\/sites\/22\/2021\/04\/kiwanis-logo@2x.png\",\"width\":555,\"height\":100,\"caption\":\"Kiwanis\"},\"image\":{\"@id\":\"https:\/\/webkrea.kiwanisbelux.site\/bruegel\/#\/schema\/logo\/image\/\"}},{\"@type\":\"Person\",\"@id\":\"https:\/\/webkrea.kiwanisbelux.site\/bruegel\/#\/schema\/person\/51abb82d931525a42a33e229312624ae\",\"name\":\"Thierry Wergifosse\",\"image\":{\"@type\":\"ImageObject\",\"inLanguage\":\"fr-FR\",\"@id\":\"https:\/\/webkrea.kiwanisbelux.site\/bruegel\/#\/schema\/person\/image\/\",\"url\":\"https:\/\/secure.gravatar.com\/avatar\/264f92f24514d2db99cc78de50296e65?s=96&d=mm&r=g\",\"contentUrl\":\"https:\/\/secure.gravatar.com\/avatar\/264f92f24514d2db99cc78de50296e65?s=96&d=mm&r=g\",\"caption\":\"Thierry Wergifosse\"},\"url\":\"https:\/\/webkrea.kiwanisbelux.site\/bruegel\/author\/thierry\/\"}]}<\/script>\n<!-- \/ Yoast SEO plugin. -->","yoast_head_json":{"title":"Kinshasa School: Une lueur dans le tunnel - Kiwanis Dilbeek Bruegel","robots":{"index":"noindex","follow":"follow","max-snippet":"max-snippet:-1","max-image-preview":"max-image-preview:large","max-video-preview":"max-video-preview:-1"},"og_locale":"fr_FR","og_type":"article","og_title":"Kinshasa School: Une lueur dans le tunnel - Kiwanis Dilbeek Bruegel","og_description":"On aimerait vous dire comme d\u2019habitude que pour Kinshasa School, tout va tr\u00e8s bien, que tous les enfants vont \u00e0 l\u2019\u00e9cole, y ont de bons r\u00e9sultats, que nos r\u00e9coltes de [&hellip;]","og_url":"https:\/\/webkrea.kiwanisbelux.site\/bruegel\/kinshasa-school-une-lueur-dans-le-tunnel\/","og_site_name":"Kiwanis Dilbeek Bruegel","article_published_time":"2020-09-17T20:27:28+00:00","article_modified_time":"2021-08-31T20:32:20+00:00","og_image":[{"url":"https:\/\/clients.webkrea.be\/kiwanis\/wp-content\/uploads\/sites\/22\/2021\/08\/photo_champs-1-300x154.jpg"}],"author":"Thierry Wergifosse","twitter_card":"summary_large_image","twitter_misc":{"\u00c9crit par":"Thierry Wergifosse","Dur\u00e9e de lecture estim\u00e9e":"2 minutes"},"schema":{"@context":"https:\/\/schema.org","@graph":[{"@type":"Article","@id":"https:\/\/webkrea.kiwanisbelux.site\/bruegel\/kinshasa-school-une-lueur-dans-le-tunnel\/#article","isPartOf":{"@id":"https:\/\/webkrea.kiwanisbelux.site\/bruegel\/kinshasa-school-une-lueur-dans-le-tunnel\/"},"author":{"name":"Thierry Wergifosse","@id":"https:\/\/webkrea.kiwanisbelux.site\/bruegel\/#\/schema\/person\/51abb82d931525a42a33e229312624ae"},"headline":"Kinshasa School: Une lueur dans le tunnel","datePublished":"2020-09-17T20:27:28+00:00","dateModified":"2021-08-31T20:32:20+00:00","mainEntityOfPage":{"@id":"https:\/\/webkrea.kiwanisbelux.site\/bruegel\/kinshasa-school-une-lueur-dans-le-tunnel\/"},"wordCount":448,"publisher":{"@id":"https:\/\/webkrea.kiwanisbelux.site\/bruegel\/#organization"},"articleSection":["Non classifi\u00e9(e)"],"inLanguage":"fr-FR"},{"@type":"WebPage","@id":"https:\/\/webkrea.kiwanisbelux.site\/bruegel\/kinshasa-school-une-lueur-dans-le-tunnel\/","url":"https:\/\/webkrea.kiwanisbelux.site\/bruegel\/kinshasa-school-une-lueur-dans-le-tunnel\/","name":"Kinshasa School: Une lueur dans le tunnel - Kiwanis Dilbeek Bruegel","isPartOf":{"@id":"https:\/\/webkrea.kiwanisbelux.site\/bruegel\/#website"},"datePublished":"2020-09-17T20:27:28+00:00","dateModified":"2021-08-31T20:32:20+00:00","breadcrumb":{"@id":"https:\/\/webkrea.kiwanisbelux.site\/bruegel\/kinshasa-school-une-lueur-dans-le-tunnel\/#breadcrumb"},"inLanguage":"fr-FR","potentialAction":[{"@type":"ReadAction","target":["https:\/\/webkrea.kiwanisbelux.site\/bruegel\/kinshasa-school-une-lueur-dans-le-tunnel\/"]}]},{"@type":"BreadcrumbList","@id":"https:\/\/webkrea.kiwanisbelux.site\/bruegel\/kinshasa-school-une-lueur-dans-le-tunnel\/#breadcrumb","itemListElement":[{"@type":"ListItem","position":1,"name":"Home","item":"https:\/\/webkrea.kiwanisbelux.site\/bruegel\/"},{"@type":"ListItem","position":2,"name":"Kinshasa School: Une lueur dans le tunnel"}]},{"@type":"WebSite","@id":"https:\/\/webkrea.kiwanisbelux.site\/bruegel\/#website","url":"https:\/\/webkrea.kiwanisbelux.site\/bruegel\/","name":"Kiwanis Dilbeek Bruegel","description":"","publisher":{"@id":"https:\/\/webkrea.kiwanisbelux.site\/bruegel\/#organization"},"potentialAction":[{"@type":"SearchAction","target":{"@type":"EntryPoint","urlTemplate":"https:\/\/webkrea.kiwanisbelux.site\/bruegel\/?s={search_term_string}"},"query-input":"required name=search_term_string"}],"inLanguage":"fr-FR"},{"@type":"Organization","@id":"https:\/\/webkrea.kiwanisbelux.site\/bruegel\/#organization","name":"Kiwanis","url":"https:\/\/webkrea.kiwanisbelux.site\/bruegel\/","sameAs":[],"logo":{"@type":"ImageObject","inLanguage":"fr-FR","@id":"https:\/\/webkrea.kiwanisbelux.site\/bruegel\/#\/schema\/logo\/image\/","url":"https:\/\/webkrea.kiwanisbelux.site\/bruegel\/wp-content\/uploads\/sites\/22\/2021\/04\/kiwanis-logo@2x.png","contentUrl":"https:\/\/webkrea.kiwanisbelux.site\/bruegel\/wp-content\/uploads\/sites\/22\/2021\/04\/kiwanis-logo@2x.png","width":555,"height":100,"caption":"Kiwanis"},"image":{"@id":"https:\/\/webkrea.kiwanisbelux.site\/bruegel\/#\/schema\/logo\/image\/"}},{"@type":"Person","@id":"https:\/\/webkrea.kiwanisbelux.site\/bruegel\/#\/schema\/person\/51abb82d931525a42a33e229312624ae","name":"Thierry Wergifosse","image":{"@type":"ImageObject","inLanguage":"fr-FR","@id":"https:\/\/webkrea.kiwanisbelux.site\/bruegel\/#\/schema\/person\/image\/","url":"https:\/\/secure.gravatar.com\/avatar\/264f92f24514d2db99cc78de50296e65?s=96&d=mm&r=g","contentUrl":"https:\/\/secure.gravatar.com\/avatar\/264f92f24514d2db99cc78de50296e65?s=96&d=mm&r=g","caption":"Thierry Wergifosse"},"url":"https:\/\/webkrea.kiwanisbelux.site\/bruegel\/author\/thierry\/"}]}},"_links":{"self":[{"href":"https:\/\/webkrea.kiwanisbelux.site\/bruegel\/wp-json\/wp\/v2\/posts\/1078"}],"collection":[{"href":"https:\/\/webkrea.kiwanisbelux.site\/bruegel\/wp-json\/wp\/v2\/posts"}],"about":[{"href":"https:\/\/webkrea.kiwanisbelux.site\/bruegel\/wp-json\/wp\/v2\/types\/post"}],"author":[{"embeddable":true,"href":"https:\/\/webkrea.kiwanisbelux.site\/bruegel\/wp-json\/wp\/v2\/users\/2"}],"replies":[{"embeddable":true,"href":"https:\/\/webkrea.kiwanisbelux.site\/bruegel\/wp-json\/wp\/v2\/comments?post=1078"}],"version-history":[{"count":2,"href":"https:\/\/webkrea.kiwanisbelux.site\/bruegel\/wp-json\/wp\/v2\/posts\/1078\/revisions"}],"predecessor-version":[{"id":1086,"href":"https:\/\/webkrea.kiwanisbelux.site\/bruegel\/wp-json\/wp\/v2\/posts\/1078\/revisions\/1086"}],"wp:attachment":[{"href":"https:\/\/webkrea.kiwanisbelux.site\/bruegel\/wp-json\/wp\/v2\/media?parent=1078"}],"wp:term":[{"taxonomy":"category","embeddable":true,"href":"https:\/\/webkrea.kiwanisbelux.site\/bruegel\/wp-json\/wp\/v2\/categories?post=1078"},{"taxonomy":"post_tag","embeddable":true,"href":"https:\/\/webkrea.kiwanisbelux.site\/bruegel\/wp-json\/wp\/v2\/tags?post=1078"}],"curies":[{"name":"wp","href":"https:\/\/api.w.org\/{rel}","templated":true}]}}