{"id":1067,"date":"2020-11-24T18:35:50","date_gmt":"2020-11-24T17:35:50","guid":{"rendered":"https:\/\/clients.webkrea.be\/kiwanis\/?p=1067"},"modified":"2021-08-31T18:40:11","modified_gmt":"2021-08-31T16:40:11","slug":"le-defi-du-kiwanis-pour-viva-for-life","status":"publish","type":"post","link":"https:\/\/webkrea.kiwanisbelux.site\/bruegel\/le-defi-du-kiwanis-pour-viva-for-life\/","title":{"rendered":"Le d\u00e9fi du Kiwanis pour \u00abViva for Life\u00bb"},"content":{"rendered":"<p><strong>La RTBF fera \u00e9cho de notre bi\u00e8re Viva For Life le mercredi 25.11 \u00e0\u00a0<\/strong><strong>7.20 sur Vivacit\u00e9 92.3, avec le plus grand plaisir.<\/strong><\/p>\n<h2><strong><em>Notre d\u00e9fi<\/em><\/strong><\/h2>\n<p>Dans le cadre de l\u2019op\u00e9ration \u00abViva for Life\u00bb de Vivacit\u00e9, nous, clubs Kiwanis de Belgique francophone organisons un d\u00e9fi et souhaitons apporter ainsi notre soutien financier aux actions sponsoris\u00e9es par l\u2019op\u00e9ration afin de coller au mieux \u00e0 notre devise &lsquo;Servir les enfants&rsquo;.<\/p>\n<p>Nous avons choisi de cr\u00e9er une bi\u00e8re que nous avons nomm\u00e9e la \u00abSp\u00e9ciale Viva for Life\u00bb. La brasserie Deseveaux de Boussu a, avec beaucoup d\u2019enthousiasme, soutenu notre projet et a embouteill\u00e9 une bi\u00e8re blonde avec une \u00e9tiquette aux couleurs de \u00abViva for Life\u00bb et du Kiwanis International. Cette bi\u00e8re est commercialis\u00e9e par pack de quatre bouteilles de 33cl.<\/p>\n<p><img loading=\"lazy\" class=\"alignnone size-medium wp-image-1068\" src=\"https:\/\/clients.webkrea.be\/kiwanis\/wp-content\/uploads\/sites\/22\/2021\/08\/image_highlight-1-217x300.jpg\" alt=\"\" width=\"217\" height=\"300\" srcset=\"https:\/\/webkrea.kiwanisbelux.site\/bruegel\/wp-content\/uploads\/sites\/22\/2021\/08\/image_highlight-1-217x300.jpg 217w, https:\/\/webkrea.kiwanisbelux.site\/bruegel\/wp-content\/uploads\/sites\/22\/2021\/08\/image_highlight-1-200x277.jpg 200w, https:\/\/webkrea.kiwanisbelux.site\/bruegel\/wp-content\/uploads\/sites\/22\/2021\/08\/image_highlight-1.jpg 250w\" sizes=\"(max-width: 217px) 100vw, 217px\" \/><\/p>\n<p>La bi\u00e8re est d\u2019ores et d\u00e9j\u00e0 disponible dans les hypermarch\u00e9s CORA . Elle fera l\u2019objet d\u2019une attention particuli\u00e8re dans le <strong>flyer CORA<\/strong> du premier d\u00e9cembre 2020.<\/p>\n<p><strong>Si vous souhaitez en savoir plus ou aider \u00e0 l&rsquo;op\u00e9ration, contactez Jean-Luc Stellamans \u00a0(stellamansjl@gmail.com)<\/strong><\/p>\n<p>Nous esp\u00e9rons de tout c\u0153ur, et ce, malgr\u00e9 la situation sanitaire exceptionnelle que nous traversons, que la population belge sera au rendez-vous pour soutenir \u00abViva for Life\u00bb.<\/p>\n<p>Les enfants de notre r\u00e9gion comptent sur nous\u00a0!<br \/>\nTOUS ENSEMBLE RELEVONS LE DEFI\u00a0!<br \/>\nMOBILISONS-NOUS.<\/p>\n","protected":false},"excerpt":{"rendered":"<p>La RTBF fera \u00e9cho de notre bi\u00e8re Viva For Life le mercredi 25.11 \u00e0\u00a07.20 sur Vivacit\u00e9 92.3, avec le plus grand plaisir. Notre d\u00e9fi Dans le cadre de l\u2019op\u00e9ration \u00abViva [&hellip;]<\/p>\n","protected":false},"author":2,"featured_media":0,"comment_status":"closed","ping_status":"closed","sticky":false,"template":"","format":"standard","meta":{"_et_pb_use_builder":"","_et_pb_old_content":"","_et_gb_content_width":""},"categories":[1],"tags":[],"yoast_head":"<!-- This site is optimized with the Yoast SEO plugin v19.8 - https:\/\/yoast.com\/wordpress\/plugins\/seo\/ -->\n<title>Le d\u00e9fi du Kiwanis pour \u00abViva for Life\u00bb - Kiwanis Dilbeek Bruegel<\/title>\n<meta name=\"robots\" content=\"noindex, follow, max-snippet:-1, max-image-preview:large, max-video-preview:-1\" \/>\n<meta property=\"og:locale\" content=\"fr_FR\" \/>\n<meta property=\"og:type\" content=\"article\" \/>\n<meta property=\"og:title\" content=\"Le d\u00e9fi du Kiwanis pour \u00abViva for Life\u00bb - Kiwanis Dilbeek Bruegel\" \/>\n<meta property=\"og:description\" content=\"La RTBF fera \u00e9cho de notre bi\u00e8re Viva For Life le mercredi 25.11 \u00e0\u00a07.20 sur Vivacit\u00e9 92.3, avec le plus grand plaisir. Notre d\u00e9fi Dans le cadre de l\u2019op\u00e9ration \u00abViva [&hellip;]\" \/>\n<meta property=\"og:url\" content=\"https:\/\/webkrea.kiwanisbelux.site\/bruegel\/le-defi-du-kiwanis-pour-viva-for-life\/\" \/>\n<meta property=\"og:site_name\" content=\"Kiwanis Dilbeek Bruegel\" \/>\n<meta property=\"article:published_time\" content=\"2020-11-24T17:35:50+00:00\" \/>\n<meta property=\"article:modified_time\" content=\"2021-08-31T16:40:11+00:00\" \/>\n<meta property=\"og:image\" content=\"https:\/\/clients.webkrea.be\/kiwanis\/wp-content\/uploads\/sites\/22\/2021\/08\/image_highlight-1-217x300.jpg\" \/>\n<meta name=\"author\" content=\"Thierry Wergifosse\" \/>\n<meta name=\"twitter:card\" content=\"summary_large_image\" \/>\n<meta name=\"twitter:label1\" content=\"\u00c9crit par\" \/>\n\t<meta name=\"twitter:data1\" content=\"Thierry Wergifosse\" \/>\n\t<meta name=\"twitter:label2\" content=\"Dur\u00e9e de lecture estim\u00e9e\" \/>\n\t<meta name=\"twitter:data2\" content=\"1 minute\" \/>\n<script type=\"application\/ld+json\" class=\"yoast-schema-graph\">{\"@context\":\"https:\/\/schema.org\",\"@graph\":[{\"@type\":\"Article\",\"@id\":\"https:\/\/webkrea.kiwanisbelux.site\/bruegel\/le-defi-du-kiwanis-pour-viva-for-life\/#article\",\"isPartOf\":{\"@id\":\"https:\/\/webkrea.kiwanisbelux.site\/bruegel\/le-defi-du-kiwanis-pour-viva-for-life\/\"},\"author\":{\"name\":\"Thierry Wergifosse\",\"@id\":\"https:\/\/webkrea.kiwanisbelux.site\/bruegel\/#\/schema\/person\/51abb82d931525a42a33e229312624ae\"},\"headline\":\"Le d\u00e9fi du Kiwanis pour \u00abViva for Life\u00bb\",\"datePublished\":\"2020-11-24T17:35:50+00:00\",\"dateModified\":\"2021-08-31T16:40:11+00:00\",\"mainEntityOfPage\":{\"@id\":\"https:\/\/webkrea.kiwanisbelux.site\/bruegel\/le-defi-du-kiwanis-pour-viva-for-life\/\"},\"wordCount\":237,\"publisher\":{\"@id\":\"https:\/\/webkrea.kiwanisbelux.site\/bruegel\/#organization\"},\"articleSection\":[\"Non classifi\u00e9(e)\"],\"inLanguage\":\"fr-FR\"},{\"@type\":\"WebPage\",\"@id\":\"https:\/\/webkrea.kiwanisbelux.site\/bruegel\/le-defi-du-kiwanis-pour-viva-for-life\/\",\"url\":\"https:\/\/webkrea.kiwanisbelux.site\/bruegel\/le-defi-du-kiwanis-pour-viva-for-life\/\",\"name\":\"Le d\u00e9fi du Kiwanis pour \u00abViva for Life\u00bb - Kiwanis Dilbeek Bruegel\",\"isPartOf\":{\"@id\":\"https:\/\/webkrea.kiwanisbelux.site\/bruegel\/#website\"},\"datePublished\":\"2020-11-24T17:35:50+00:00\",\"dateModified\":\"2021-08-31T16:40:11+00:00\",\"breadcrumb\":{\"@id\":\"https:\/\/webkrea.kiwanisbelux.site\/bruegel\/le-defi-du-kiwanis-pour-viva-for-life\/#breadcrumb\"},\"inLanguage\":\"fr-FR\",\"potentialAction\":[{\"@type\":\"ReadAction\",\"target\":[\"https:\/\/webkrea.kiwanisbelux.site\/bruegel\/le-defi-du-kiwanis-pour-viva-for-life\/\"]}]},{\"@type\":\"BreadcrumbList\",\"@id\":\"https:\/\/webkrea.kiwanisbelux.site\/bruegel\/le-defi-du-kiwanis-pour-viva-for-life\/#breadcrumb\",\"itemListElement\":[{\"@type\":\"ListItem\",\"position\":1,\"name\":\"Home\",\"item\":\"https:\/\/webkrea.kiwanisbelux.site\/bruegel\/\"},{\"@type\":\"ListItem\",\"position\":2,\"name\":\"Le d\u00e9fi du Kiwanis pour \u00abViva for Life\u00bb\"}]},{\"@type\":\"WebSite\",\"@id\":\"https:\/\/webkrea.kiwanisbelux.site\/bruegel\/#website\",\"url\":\"https:\/\/webkrea.kiwanisbelux.site\/bruegel\/\",\"name\":\"Kiwanis Dilbeek Bruegel\",\"description\":\"\",\"publisher\":{\"@id\":\"https:\/\/webkrea.kiwanisbelux.site\/bruegel\/#organization\"},\"potentialAction\":[{\"@type\":\"SearchAction\",\"target\":{\"@type\":\"EntryPoint\",\"urlTemplate\":\"https:\/\/webkrea.kiwanisbelux.site\/bruegel\/?s={search_term_string}\"},\"query-input\":\"required name=search_term_string\"}],\"inLanguage\":\"fr-FR\"},{\"@type\":\"Organization\",\"@id\":\"https:\/\/webkrea.kiwanisbelux.site\/bruegel\/#organization\",\"name\":\"Kiwanis\",\"url\":\"https:\/\/webkrea.kiwanisbelux.site\/bruegel\/\",\"sameAs\":[],\"logo\":{\"@type\":\"ImageObject\",\"inLanguage\":\"fr-FR\",\"@id\":\"https:\/\/webkrea.kiwanisbelux.site\/bruegel\/#\/schema\/logo\/image\/\",\"url\":\"https:\/\/webkrea.kiwanisbelux.site\/bruegel\/wp-content\/uploads\/sites\/22\/2021\/04\/kiwanis-logo@2x.png\",\"contentUrl\":\"https:\/\/webkrea.kiwanisbelux.site\/bruegel\/wp-content\/uploads\/sites\/22\/2021\/04\/kiwanis-logo@2x.png\",\"width\":555,\"height\":100,\"caption\":\"Kiwanis\"},\"image\":{\"@id\":\"https:\/\/webkrea.kiwanisbelux.site\/bruegel\/#\/schema\/logo\/image\/\"}},{\"@type\":\"Person\",\"@id\":\"https:\/\/webkrea.kiwanisbelux.site\/bruegel\/#\/schema\/person\/51abb82d931525a42a33e229312624ae\",\"name\":\"Thierry Wergifosse\",\"image\":{\"@type\":\"ImageObject\",\"inLanguage\":\"fr-FR\",\"@id\":\"https:\/\/webkrea.kiwanisbelux.site\/bruegel\/#\/schema\/person\/image\/\",\"url\":\"https:\/\/secure.gravatar.com\/avatar\/264f92f24514d2db99cc78de50296e65?s=96&d=mm&r=g\",\"contentUrl\":\"https:\/\/secure.gravatar.com\/avatar\/264f92f24514d2db99cc78de50296e65?s=96&d=mm&r=g\",\"caption\":\"Thierry Wergifosse\"},\"url\":\"https:\/\/webkrea.kiwanisbelux.site\/bruegel\/author\/thierry\/\"}]}<\/script>\n<!-- \/ Yoast SEO plugin. -->","yoast_head_json":{"title":"Le d\u00e9fi du Kiwanis pour \u00abViva for Life\u00bb - Kiwanis Dilbeek Bruegel","robots":{"index":"noindex","follow":"follow","max-snippet":"max-snippet:-1","max-image-preview":"max-image-preview:large","max-video-preview":"max-video-preview:-1"},"og_locale":"fr_FR","og_type":"article","og_title":"Le d\u00e9fi du Kiwanis pour \u00abViva for Life\u00bb - Kiwanis Dilbeek Bruegel","og_description":"La RTBF fera \u00e9cho de notre bi\u00e8re Viva For Life le mercredi 25.11 \u00e0\u00a07.20 sur Vivacit\u00e9 92.3, avec le plus grand plaisir. Notre d\u00e9fi Dans le cadre de l\u2019op\u00e9ration \u00abViva [&hellip;]","og_url":"https:\/\/webkrea.kiwanisbelux.site\/bruegel\/le-defi-du-kiwanis-pour-viva-for-life\/","og_site_name":"Kiwanis Dilbeek Bruegel","article_published_time":"2020-11-24T17:35:50+00:00","article_modified_time":"2021-08-31T16:40:11+00:00","og_image":[{"url":"https:\/\/clients.webkrea.be\/kiwanis\/wp-content\/uploads\/sites\/22\/2021\/08\/image_highlight-1-217x300.jpg"}],"author":"Thierry Wergifosse","twitter_card":"summary_large_image","twitter_misc":{"\u00c9crit par":"Thierry Wergifosse","Dur\u00e9e de lecture estim\u00e9e":"1 minute"},"schema":{"@context":"https:\/\/schema.org","@graph":[{"@type":"Article","@id":"https:\/\/webkrea.kiwanisbelux.site\/bruegel\/le-defi-du-kiwanis-pour-viva-for-life\/#article","isPartOf":{"@id":"https:\/\/webkrea.kiwanisbelux.site\/bruegel\/le-defi-du-kiwanis-pour-viva-for-life\/"},"author":{"name":"Thierry Wergifosse","@id":"https:\/\/webkrea.kiwanisbelux.site\/bruegel\/#\/schema\/person\/51abb82d931525a42a33e229312624ae"},"headline":"Le d\u00e9fi du Kiwanis pour \u00abViva for Life\u00bb","datePublished":"2020-11-24T17:35:50+00:00","dateModified":"2021-08-31T16:40:11+00:00","mainEntityOfPage":{"@id":"https:\/\/webkrea.kiwanisbelux.site\/bruegel\/le-defi-du-kiwanis-pour-viva-for-life\/"},"wordCount":237,"publisher":{"@id":"https:\/\/webkrea.kiwanisbelux.site\/bruegel\/#organization"},"articleSection":["Non classifi\u00e9(e)"],"inLanguage":"fr-FR"},{"@type":"WebPage","@id":"https:\/\/webkrea.kiwanisbelux.site\/bruegel\/le-defi-du-kiwanis-pour-viva-for-life\/","url":"https:\/\/webkrea.kiwanisbelux.site\/bruegel\/le-defi-du-kiwanis-pour-viva-for-life\/","name":"Le d\u00e9fi du Kiwanis pour \u00abViva for Life\u00bb - Kiwanis Dilbeek Bruegel","isPartOf":{"@id":"https:\/\/webkrea.kiwanisbelux.site\/bruegel\/#website"},"datePublished":"2020-11-24T17:35:50+00:00","dateModified":"2021-08-31T16:40:11+00:00","breadcrumb":{"@id":"https:\/\/webkrea.kiwanisbelux.site\/bruegel\/le-defi-du-kiwanis-pour-viva-for-life\/#breadcrumb"},"inLanguage":"fr-FR","potentialAction":[{"@type":"ReadAction","target":["https:\/\/webkrea.kiwanisbelux.site\/bruegel\/le-defi-du-kiwanis-pour-viva-for-life\/"]}]},{"@type":"BreadcrumbList","@id":"https:\/\/webkrea.kiwanisbelux.site\/bruegel\/le-defi-du-kiwanis-pour-viva-for-life\/#breadcrumb","itemListElement":[{"@type":"ListItem","position":1,"name":"Home","item":"https:\/\/webkrea.kiwanisbelux.site\/bruegel\/"},{"@type":"ListItem","position":2,"name":"Le d\u00e9fi du Kiwanis pour \u00abViva for Life\u00bb"}]},{"@type":"WebSite","@id":"https:\/\/webkrea.kiwanisbelux.site\/bruegel\/#website","url":"https:\/\/webkrea.kiwanisbelux.site\/bruegel\/","name":"Kiwanis Dilbeek Bruegel","description":"","publisher":{"@id":"https:\/\/webkrea.kiwanisbelux.site\/bruegel\/#organization"},"potentialAction":[{"@type":"SearchAction","target":{"@type":"EntryPoint","urlTemplate":"https:\/\/webkrea.kiwanisbelux.site\/bruegel\/?s={search_term_string}"},"query-input":"required name=search_term_string"}],"inLanguage":"fr-FR"},{"@type":"Organization","@id":"https:\/\/webkrea.kiwanisbelux.site\/bruegel\/#organization","name":"Kiwanis","url":"https:\/\/webkrea.kiwanisbelux.site\/bruegel\/","sameAs":[],"logo":{"@type":"ImageObject","inLanguage":"fr-FR","@id":"https:\/\/webkrea.kiwanisbelux.site\/bruegel\/#\/schema\/logo\/image\/","url":"https:\/\/webkrea.kiwanisbelux.site\/bruegel\/wp-content\/uploads\/sites\/22\/2021\/04\/kiwanis-logo@2x.png","contentUrl":"https:\/\/webkrea.kiwanisbelux.site\/bruegel\/wp-content\/uploads\/sites\/22\/2021\/04\/kiwanis-logo@2x.png","width":555,"height":100,"caption":"Kiwanis"},"image":{"@id":"https:\/\/webkrea.kiwanisbelux.site\/bruegel\/#\/schema\/logo\/image\/"}},{"@type":"Person","@id":"https:\/\/webkrea.kiwanisbelux.site\/bruegel\/#\/schema\/person\/51abb82d931525a42a33e229312624ae","name":"Thierry Wergifosse","image":{"@type":"ImageObject","inLanguage":"fr-FR","@id":"https:\/\/webkrea.kiwanisbelux.site\/bruegel\/#\/schema\/person\/image\/","url":"https:\/\/secure.gravatar.com\/avatar\/264f92f24514d2db99cc78de50296e65?s=96&d=mm&r=g","contentUrl":"https:\/\/secure.gravatar.com\/avatar\/264f92f24514d2db99cc78de50296e65?s=96&d=mm&r=g","caption":"Thierry Wergifosse"},"url":"https:\/\/webkrea.kiwanisbelux.site\/bruegel\/author\/thierry\/"}]}},"_links":{"self":[{"href":"https:\/\/webkrea.kiwanisbelux.site\/bruegel\/wp-json\/wp\/v2\/posts\/1067"}],"collection":[{"href":"https:\/\/webkrea.kiwanisbelux.site\/bruegel\/wp-json\/wp\/v2\/posts"}],"about":[{"href":"https:\/\/webkrea.kiwanisbelux.site\/bruegel\/wp-json\/wp\/v2\/types\/post"}],"author":[{"embeddable":true,"href":"https:\/\/webkrea.kiwanisbelux.site\/bruegel\/wp-json\/wp\/v2\/users\/2"}],"replies":[{"embeddable":true,"href":"https:\/\/webkrea.kiwanisbelux.site\/bruegel\/wp-json\/wp\/v2\/comments?post=1067"}],"version-history":[{"count":1,"href":"https:\/\/webkrea.kiwanisbelux.site\/bruegel\/wp-json\/wp\/v2\/posts\/1067\/revisions"}],"predecessor-version":[{"id":1071,"href":"https:\/\/webkrea.kiwanisbelux.site\/bruegel\/wp-json\/wp\/v2\/posts\/1067\/revisions\/1071"}],"wp:attachment":[{"href":"https:\/\/webkrea.kiwanisbelux.site\/bruegel\/wp-json\/wp\/v2\/media?parent=1067"}],"wp:term":[{"taxonomy":"category","embeddable":true,"href":"https:\/\/webkrea.kiwanisbelux.site\/bruegel\/wp-json\/wp\/v2\/categories?post=1067"},{"taxonomy":"post_tag","embeddable":true,"href":"https:\/\/webkrea.kiwanisbelux.site\/bruegel\/wp-json\/wp\/v2\/tags?post=1067"}],"curies":[{"name":"wp","href":"https:\/\/api.w.org\/{rel}","templated":true}]}}