{"id":1041,"date":"2021-07-17T18:28:43","date_gmt":"2021-07-17T16:28:43","guid":{"rendered":"https:\/\/clients.webkrea.be\/kiwanis\/?p=1041"},"modified":"2021-08-31T18:29:20","modified_gmt":"2021-08-31T16:29:20","slug":"inondations-le-kiwanis-se-mobilise-17-juillet-2021","status":"publish","type":"post","link":"https:\/\/webkrea.kiwanisbelux.site\/bruegel\/inondations-le-kiwanis-se-mobilise-17-juillet-2021\/","title":{"rendered":"INONDATIONS : Le Kiwanis se mobilise 17 juillet 2021"},"content":{"rendered":"<p>&nbsp;<\/p>\n<p>Chers amis kiwaniens,<\/p>\n<p>Comme d\u2019autres pays en Europe, la Belgique et le Grand-Duch\u00e9 de Luxembourg sont groggys apr\u00e8s les inondations qui ont durement frapp\u00e9 nos r\u00e9gions.\u00a0Depuis hier, la situation tend \u00e0 se stabiliser et la d\u00e9crue \u00e0 se confirmer. D\u00e8s aujourd\u2019hui, l\u2019\u00e9valuation des d\u00e9g\u00e2ts a commenc\u00e9 et un travail de nettoyage colossal est en cours par les services de secours et de tr\u00e8s nombreux b\u00e9n\u00e9voles.<\/p>\n<p>Les pouvoirs publics ont certes pris les premi\u00e8res mesures d\u2019urgence, mais la solidarit\u00e9 doit aussi s\u2019organiser et, dans certains cas, prendre le relais car beaucoup de personnes, et d\u2019enfants, se trouvent en grandes difficult\u00e9s.<\/p>\n<p>Le Kiwanis doit aussi, dans la mesure de ses moyens, jouer son r\u00f4le dans les actions \u00e0 prendre sur le terrain. Cependant, et malgr\u00e9 l\u2019urgence, il ne faut pas verser dans la pr\u00e9cipitation.\u00a0Le District a donc mis en place une cellule de coordination de l\u2019aide, qui est actuellement joignable \u00e0 l\u2019adresse <a href=\"mailto:info@k4kids.be\">info@k4kids.be<\/a>.<\/p>\n<p>Les demandes et offre d&rsquo;aide peuvent \u00eatre communiqu\u00e9e \u00e0 l\u2019adresse <a href=\"mailto:info@k4kids.be\">info@k4kids.be<\/a>.<\/p>\n<p>A l\u2019heure actuelle, les v\u00eatements sont en suffisance, et <strong>la priorit\u00e9 va \u00e0 l\u2019eau, au lait, et \u00e0 l\u2019alimentaire\u00a0comme la nourriture pour b\u00e9b\u00e9, tout ce qui peut garnir du pain (choco, p\u00e2te \u00e0 tartiner, confiture, etc.), du sucre, du beurre, des conserves (thon, sardine, salade fruit, etc.), des boissons chaudes instantan\u00e9es (soupe, caf\u00e9, etc.), tout ce qui peut se manger facilement sans pr\u00e9paration, etc\u2026<\/strong><\/p>\n<p>En ce qui concerne le mat\u00e9riel, ce sont les gobelets, assiettes et couverts en plastique, ainsi que la literie (matelas, draps, couvertures, etc.) et des sacs poubelles et autres qui sont le plus n\u00e9cessaire. Les d\u00e9shumidificateurs sont \u00e9galement les bienvenues\u2026<\/p>\n<p>Nous proposons \u00e9galement aux clubs de participer financi\u00e8rement \u00e0 la solidarit\u00e9 en versant un montant de 500\u20ac, ou plus, sur le compte de la Fondation Kiwanis Luxembourg.<\/p>\n<ul>\n<li>Code BIC\u00a0: BILLLULL<\/li>\n<li>IBAN\u00a0: LU41 0027 1100 1845 3700<\/li>\n<li>Communication\u00a0: <strong>K4KIDS \u2013 \u2018<\/strong><em><strong>nom du club\u2019<\/strong><\/em><\/li>\n<\/ul>\n<p>Avec votre aide, et en collaboration avec le KCF en Europe, venons en aide aux enfants victimes des inondations\u2026<\/p>\n","protected":false},"excerpt":{"rendered":"<p>&nbsp; Chers amis kiwaniens, Comme d\u2019autres pays en Europe, la Belgique et le Grand-Duch\u00e9 de Luxembourg sont groggys apr\u00e8s les inondations qui ont durement frapp\u00e9 nos r\u00e9gions.\u00a0Depuis hier, la situation [&hellip;]<\/p>\n","protected":false},"author":2,"featured_media":0,"comment_status":"closed","ping_status":"closed","sticky":false,"template":"","format":"standard","meta":{"_et_pb_use_builder":"","_et_pb_old_content":"","_et_gb_content_width":""},"categories":[1],"tags":[],"yoast_head":"<!-- This site is optimized with the Yoast SEO plugin v19.8 - https:\/\/yoast.com\/wordpress\/plugins\/seo\/ -->\n<title>INONDATIONS : Le Kiwanis se mobilise 17 juillet 2021 - Kiwanis Dilbeek Bruegel<\/title>\n<meta name=\"robots\" content=\"noindex, follow, max-snippet:-1, max-image-preview:large, max-video-preview:-1\" \/>\n<meta property=\"og:locale\" content=\"fr_FR\" \/>\n<meta property=\"og:type\" content=\"article\" \/>\n<meta property=\"og:title\" content=\"INONDATIONS : Le Kiwanis se mobilise 17 juillet 2021 - Kiwanis Dilbeek Bruegel\" \/>\n<meta property=\"og:description\" content=\"&nbsp; Chers amis kiwaniens, Comme d\u2019autres pays en Europe, la Belgique et le Grand-Duch\u00e9 de Luxembourg sont groggys apr\u00e8s les inondations qui ont durement frapp\u00e9 nos r\u00e9gions.\u00a0Depuis hier, la situation [&hellip;]\" \/>\n<meta property=\"og:url\" content=\"https:\/\/webkrea.kiwanisbelux.site\/bruegel\/inondations-le-kiwanis-se-mobilise-17-juillet-2021\/\" \/>\n<meta property=\"og:site_name\" content=\"Kiwanis Dilbeek Bruegel\" \/>\n<meta property=\"article:published_time\" content=\"2021-07-17T16:28:43+00:00\" \/>\n<meta property=\"article:modified_time\" content=\"2021-08-31T16:29:20+00:00\" \/>\n<meta name=\"author\" content=\"Thierry Wergifosse\" \/>\n<meta name=\"twitter:card\" content=\"summary_large_image\" \/>\n<meta name=\"twitter:label1\" content=\"\u00c9crit par\" \/>\n\t<meta name=\"twitter:data1\" content=\"Thierry Wergifosse\" \/>\n\t<meta name=\"twitter:label2\" content=\"Dur\u00e9e de lecture estim\u00e9e\" \/>\n\t<meta name=\"twitter:data2\" content=\"2 minutes\" \/>\n<script type=\"application\/ld+json\" class=\"yoast-schema-graph\">{\"@context\":\"https:\/\/schema.org\",\"@graph\":[{\"@type\":\"Article\",\"@id\":\"https:\/\/webkrea.kiwanisbelux.site\/bruegel\/inondations-le-kiwanis-se-mobilise-17-juillet-2021\/#article\",\"isPartOf\":{\"@id\":\"https:\/\/webkrea.kiwanisbelux.site\/bruegel\/inondations-le-kiwanis-se-mobilise-17-juillet-2021\/\"},\"author\":{\"name\":\"Thierry Wergifosse\",\"@id\":\"https:\/\/webkrea.kiwanisbelux.site\/bruegel\/#\/schema\/person\/51abb82d931525a42a33e229312624ae\"},\"headline\":\"INONDATIONS : Le Kiwanis se mobilise 17 juillet 2021\",\"datePublished\":\"2021-07-17T16:28:43+00:00\",\"dateModified\":\"2021-08-31T16:29:20+00:00\",\"mainEntityOfPage\":{\"@id\":\"https:\/\/webkrea.kiwanisbelux.site\/bruegel\/inondations-le-kiwanis-se-mobilise-17-juillet-2021\/\"},\"wordCount\":365,\"publisher\":{\"@id\":\"https:\/\/webkrea.kiwanisbelux.site\/bruegel\/#organization\"},\"articleSection\":[\"Non classifi\u00e9(e)\"],\"inLanguage\":\"fr-FR\"},{\"@type\":\"WebPage\",\"@id\":\"https:\/\/webkrea.kiwanisbelux.site\/bruegel\/inondations-le-kiwanis-se-mobilise-17-juillet-2021\/\",\"url\":\"https:\/\/webkrea.kiwanisbelux.site\/bruegel\/inondations-le-kiwanis-se-mobilise-17-juillet-2021\/\",\"name\":\"INONDATIONS : Le Kiwanis se mobilise 17 juillet 2021 - Kiwanis Dilbeek Bruegel\",\"isPartOf\":{\"@id\":\"https:\/\/webkrea.kiwanisbelux.site\/bruegel\/#website\"},\"datePublished\":\"2021-07-17T16:28:43+00:00\",\"dateModified\":\"2021-08-31T16:29:20+00:00\",\"breadcrumb\":{\"@id\":\"https:\/\/webkrea.kiwanisbelux.site\/bruegel\/inondations-le-kiwanis-se-mobilise-17-juillet-2021\/#breadcrumb\"},\"inLanguage\":\"fr-FR\",\"potentialAction\":[{\"@type\":\"ReadAction\",\"target\":[\"https:\/\/webkrea.kiwanisbelux.site\/bruegel\/inondations-le-kiwanis-se-mobilise-17-juillet-2021\/\"]}]},{\"@type\":\"BreadcrumbList\",\"@id\":\"https:\/\/webkrea.kiwanisbelux.site\/bruegel\/inondations-le-kiwanis-se-mobilise-17-juillet-2021\/#breadcrumb\",\"itemListElement\":[{\"@type\":\"ListItem\",\"position\":1,\"name\":\"Home\",\"item\":\"https:\/\/webkrea.kiwanisbelux.site\/bruegel\/\"},{\"@type\":\"ListItem\",\"position\":2,\"name\":\"INONDATIONS : Le Kiwanis se mobilise 17 juillet 2021\"}]},{\"@type\":\"WebSite\",\"@id\":\"https:\/\/webkrea.kiwanisbelux.site\/bruegel\/#website\",\"url\":\"https:\/\/webkrea.kiwanisbelux.site\/bruegel\/\",\"name\":\"Kiwanis Dilbeek Bruegel\",\"description\":\"\",\"publisher\":{\"@id\":\"https:\/\/webkrea.kiwanisbelux.site\/bruegel\/#organization\"},\"potentialAction\":[{\"@type\":\"SearchAction\",\"target\":{\"@type\":\"EntryPoint\",\"urlTemplate\":\"https:\/\/webkrea.kiwanisbelux.site\/bruegel\/?s={search_term_string}\"},\"query-input\":\"required name=search_term_string\"}],\"inLanguage\":\"fr-FR\"},{\"@type\":\"Organization\",\"@id\":\"https:\/\/webkrea.kiwanisbelux.site\/bruegel\/#organization\",\"name\":\"Kiwanis\",\"url\":\"https:\/\/webkrea.kiwanisbelux.site\/bruegel\/\",\"sameAs\":[],\"logo\":{\"@type\":\"ImageObject\",\"inLanguage\":\"fr-FR\",\"@id\":\"https:\/\/webkrea.kiwanisbelux.site\/bruegel\/#\/schema\/logo\/image\/\",\"url\":\"https:\/\/webkrea.kiwanisbelux.site\/bruegel\/wp-content\/uploads\/sites\/22\/2021\/04\/kiwanis-logo@2x.png\",\"contentUrl\":\"https:\/\/webkrea.kiwanisbelux.site\/bruegel\/wp-content\/uploads\/sites\/22\/2021\/04\/kiwanis-logo@2x.png\",\"width\":555,\"height\":100,\"caption\":\"Kiwanis\"},\"image\":{\"@id\":\"https:\/\/webkrea.kiwanisbelux.site\/bruegel\/#\/schema\/logo\/image\/\"}},{\"@type\":\"Person\",\"@id\":\"https:\/\/webkrea.kiwanisbelux.site\/bruegel\/#\/schema\/person\/51abb82d931525a42a33e229312624ae\",\"name\":\"Thierry Wergifosse\",\"image\":{\"@type\":\"ImageObject\",\"inLanguage\":\"fr-FR\",\"@id\":\"https:\/\/webkrea.kiwanisbelux.site\/bruegel\/#\/schema\/person\/image\/\",\"url\":\"https:\/\/secure.gravatar.com\/avatar\/264f92f24514d2db99cc78de50296e65?s=96&d=mm&r=g\",\"contentUrl\":\"https:\/\/secure.gravatar.com\/avatar\/264f92f24514d2db99cc78de50296e65?s=96&d=mm&r=g\",\"caption\":\"Thierry Wergifosse\"},\"url\":\"https:\/\/webkrea.kiwanisbelux.site\/bruegel\/author\/thierry\/\"}]}<\/script>\n<!-- \/ Yoast SEO plugin. -->","yoast_head_json":{"title":"INONDATIONS : Le Kiwanis se mobilise 17 juillet 2021 - Kiwanis Dilbeek Bruegel","robots":{"index":"noindex","follow":"follow","max-snippet":"max-snippet:-1","max-image-preview":"max-image-preview:large","max-video-preview":"max-video-preview:-1"},"og_locale":"fr_FR","og_type":"article","og_title":"INONDATIONS : Le Kiwanis se mobilise 17 juillet 2021 - Kiwanis Dilbeek Bruegel","og_description":"&nbsp; Chers amis kiwaniens, Comme d\u2019autres pays en Europe, la Belgique et le Grand-Duch\u00e9 de Luxembourg sont groggys apr\u00e8s les inondations qui ont durement frapp\u00e9 nos r\u00e9gions.\u00a0Depuis hier, la situation [&hellip;]","og_url":"https:\/\/webkrea.kiwanisbelux.site\/bruegel\/inondations-le-kiwanis-se-mobilise-17-juillet-2021\/","og_site_name":"Kiwanis Dilbeek Bruegel","article_published_time":"2021-07-17T16:28:43+00:00","article_modified_time":"2021-08-31T16:29:20+00:00","author":"Thierry Wergifosse","twitter_card":"summary_large_image","twitter_misc":{"\u00c9crit par":"Thierry Wergifosse","Dur\u00e9e de lecture estim\u00e9e":"2 minutes"},"schema":{"@context":"https:\/\/schema.org","@graph":[{"@type":"Article","@id":"https:\/\/webkrea.kiwanisbelux.site\/bruegel\/inondations-le-kiwanis-se-mobilise-17-juillet-2021\/#article","isPartOf":{"@id":"https:\/\/webkrea.kiwanisbelux.site\/bruegel\/inondations-le-kiwanis-se-mobilise-17-juillet-2021\/"},"author":{"name":"Thierry Wergifosse","@id":"https:\/\/webkrea.kiwanisbelux.site\/bruegel\/#\/schema\/person\/51abb82d931525a42a33e229312624ae"},"headline":"INONDATIONS : Le Kiwanis se mobilise 17 juillet 2021","datePublished":"2021-07-17T16:28:43+00:00","dateModified":"2021-08-31T16:29:20+00:00","mainEntityOfPage":{"@id":"https:\/\/webkrea.kiwanisbelux.site\/bruegel\/inondations-le-kiwanis-se-mobilise-17-juillet-2021\/"},"wordCount":365,"publisher":{"@id":"https:\/\/webkrea.kiwanisbelux.site\/bruegel\/#organization"},"articleSection":["Non classifi\u00e9(e)"],"inLanguage":"fr-FR"},{"@type":"WebPage","@id":"https:\/\/webkrea.kiwanisbelux.site\/bruegel\/inondations-le-kiwanis-se-mobilise-17-juillet-2021\/","url":"https:\/\/webkrea.kiwanisbelux.site\/bruegel\/inondations-le-kiwanis-se-mobilise-17-juillet-2021\/","name":"INONDATIONS : Le Kiwanis se mobilise 17 juillet 2021 - Kiwanis Dilbeek Bruegel","isPartOf":{"@id":"https:\/\/webkrea.kiwanisbelux.site\/bruegel\/#website"},"datePublished":"2021-07-17T16:28:43+00:00","dateModified":"2021-08-31T16:29:20+00:00","breadcrumb":{"@id":"https:\/\/webkrea.kiwanisbelux.site\/bruegel\/inondations-le-kiwanis-se-mobilise-17-juillet-2021\/#breadcrumb"},"inLanguage":"fr-FR","potentialAction":[{"@type":"ReadAction","target":["https:\/\/webkrea.kiwanisbelux.site\/bruegel\/inondations-le-kiwanis-se-mobilise-17-juillet-2021\/"]}]},{"@type":"BreadcrumbList","@id":"https:\/\/webkrea.kiwanisbelux.site\/bruegel\/inondations-le-kiwanis-se-mobilise-17-juillet-2021\/#breadcrumb","itemListElement":[{"@type":"ListItem","position":1,"name":"Home","item":"https:\/\/webkrea.kiwanisbelux.site\/bruegel\/"},{"@type":"ListItem","position":2,"name":"INONDATIONS : Le Kiwanis se mobilise 17 juillet 2021"}]},{"@type":"WebSite","@id":"https:\/\/webkrea.kiwanisbelux.site\/bruegel\/#website","url":"https:\/\/webkrea.kiwanisbelux.site\/bruegel\/","name":"Kiwanis Dilbeek Bruegel","description":"","publisher":{"@id":"https:\/\/webkrea.kiwanisbelux.site\/bruegel\/#organization"},"potentialAction":[{"@type":"SearchAction","target":{"@type":"EntryPoint","urlTemplate":"https:\/\/webkrea.kiwanisbelux.site\/bruegel\/?s={search_term_string}"},"query-input":"required name=search_term_string"}],"inLanguage":"fr-FR"},{"@type":"Organization","@id":"https:\/\/webkrea.kiwanisbelux.site\/bruegel\/#organization","name":"Kiwanis","url":"https:\/\/webkrea.kiwanisbelux.site\/bruegel\/","sameAs":[],"logo":{"@type":"ImageObject","inLanguage":"fr-FR","@id":"https:\/\/webkrea.kiwanisbelux.site\/bruegel\/#\/schema\/logo\/image\/","url":"https:\/\/webkrea.kiwanisbelux.site\/bruegel\/wp-content\/uploads\/sites\/22\/2021\/04\/kiwanis-logo@2x.png","contentUrl":"https:\/\/webkrea.kiwanisbelux.site\/bruegel\/wp-content\/uploads\/sites\/22\/2021\/04\/kiwanis-logo@2x.png","width":555,"height":100,"caption":"Kiwanis"},"image":{"@id":"https:\/\/webkrea.kiwanisbelux.site\/bruegel\/#\/schema\/logo\/image\/"}},{"@type":"Person","@id":"https:\/\/webkrea.kiwanisbelux.site\/bruegel\/#\/schema\/person\/51abb82d931525a42a33e229312624ae","name":"Thierry Wergifosse","image":{"@type":"ImageObject","inLanguage":"fr-FR","@id":"https:\/\/webkrea.kiwanisbelux.site\/bruegel\/#\/schema\/person\/image\/","url":"https:\/\/secure.gravatar.com\/avatar\/264f92f24514d2db99cc78de50296e65?s=96&d=mm&r=g","contentUrl":"https:\/\/secure.gravatar.com\/avatar\/264f92f24514d2db99cc78de50296e65?s=96&d=mm&r=g","caption":"Thierry Wergifosse"},"url":"https:\/\/webkrea.kiwanisbelux.site\/bruegel\/author\/thierry\/"}]}},"_links":{"self":[{"href":"https:\/\/webkrea.kiwanisbelux.site\/bruegel\/wp-json\/wp\/v2\/posts\/1041"}],"collection":[{"href":"https:\/\/webkrea.kiwanisbelux.site\/bruegel\/wp-json\/wp\/v2\/posts"}],"about":[{"href":"https:\/\/webkrea.kiwanisbelux.site\/bruegel\/wp-json\/wp\/v2\/types\/post"}],"author":[{"embeddable":true,"href":"https:\/\/webkrea.kiwanisbelux.site\/bruegel\/wp-json\/wp\/v2\/users\/2"}],"replies":[{"embeddable":true,"href":"https:\/\/webkrea.kiwanisbelux.site\/bruegel\/wp-json\/wp\/v2\/comments?post=1041"}],"version-history":[{"count":1,"href":"https:\/\/webkrea.kiwanisbelux.site\/bruegel\/wp-json\/wp\/v2\/posts\/1041\/revisions"}],"predecessor-version":[{"id":1042,"href":"https:\/\/webkrea.kiwanisbelux.site\/bruegel\/wp-json\/wp\/v2\/posts\/1041\/revisions\/1042"}],"wp:attachment":[{"href":"https:\/\/webkrea.kiwanisbelux.site\/bruegel\/wp-json\/wp\/v2\/media?parent=1041"}],"wp:term":[{"taxonomy":"category","embeddable":true,"href":"https:\/\/webkrea.kiwanisbelux.site\/bruegel\/wp-json\/wp\/v2\/categories?post=1041"},{"taxonomy":"post_tag","embeddable":true,"href":"https:\/\/webkrea.kiwanisbelux.site\/bruegel\/wp-json\/wp\/v2\/tags?post=1041"}],"curies":[{"name":"wp","href":"https:\/\/api.w.org\/{rel}","templated":true}]}}