{"id":1039,"date":"2021-07-19T18:27:30","date_gmt":"2021-07-19T16:27:30","guid":{"rendered":"https:\/\/clients.webkrea.be\/kiwanis\/?p=1039"},"modified":"2021-08-31T18:28:22","modified_gmt":"2021-08-31T16:28:22","slug":"temoignage-dun-kiwanien-au-plus-pres-des-inondations","status":"publish","type":"post","link":"https:\/\/webkrea.kiwanisbelux.site\/bruegel\/temoignage-dun-kiwanien-au-plus-pres-des-inondations\/","title":{"rendered":"T\u00e9moignage d&rsquo;un kiwanien, au plus pr\u00e8s des inondations"},"content":{"rendered":"<div class=\"o9v6fnle cxmmr5t8 oygrvhab hcukyx3x c1et5uql ii04i59q\">\n<div dir=\"auto\"><strong>Mardi 13\/07<\/strong><\/div>\n<div dir=\"auto\">\n<ul>\n<li><strong>19:00<br \/>\n<\/strong>On annonce une \u00ab grosse \u00bb pluie pour la fin de la semaine sur l\u2019ensemble de la Belgique. On rigole, on se dit que ce sera chez nos voisins, nous d\u00e9cidons de continuer \u00e0 vaquer \u00e0 nos occupations sans faire plus attention aux risques annonc\u00e9s.<\/li>\n<\/ul>\n<\/div>\n<\/div>\n<div class=\"o9v6fnle cxmmr5t8 oygrvhab hcukyx3x c1et5uql ii04i59q\">\n<div dir=\"auto\">\u00a0<strong>Mercredi 14\/07<\/strong><\/div>\n<div dir=\"auto\">\n<ul>\n<li><strong>02:00<br \/>\n<\/strong>La pluie commence \u00e0 tomber l\u00e9g\u00e8rement. On regarde la m\u00e9t\u00e9o avec nos coll\u00e8gues n\u00e9erlandophones, le constat est le m\u00eame partout, il fait gris, sombre\u2026. Heureusement nous sommes au chaud \u00e0 Bruxelles !<\/li>\n<li><strong>14:00<br \/>\n<\/strong>Ma fille me t\u00e9l\u00e9phone en larme de la maison. La pluie est violente, frappe contre le toit, tout bouge, la rue ruisselle.<\/li>\n<li><strong>14:15<br \/>\n<\/strong>J\u2019annule mes r\u00e9unions. Je d\u00e9cide de rentrer sur Li\u00e8ge pour rassurer.<\/li>\n<li><strong>14:45<br \/>\n<\/strong>Impossible de rouler par moment sur l\u2019autoroute, la pluie tombe \u00e0 seau (et des grands). On ne voit plus rien, sauf des v\u00e9hicules sur le bas-c\u00f4t\u00e9, endommag\u00e9es ou non. La vitesse de croisi\u00e8re descend \u00e0 40 km\/h, tous phares allum\u00e9s, et j\u2019ai l\u2019impression de rouler \u00e0 tombeau ouvert. Il me reste encore 50 Km \u00e0 parcourir !<\/li>\n<li><strong>15:30<br \/>\n<\/strong>Arriv\u00e9 \u00e0 la maison, plus de peur que de mal, l\u2019habitation va bien, tout le monde est au chaud (sauf le chat qui reste introuvable). On regarde la pluie tomber, impuissant.<\/li>\n<li><strong>17:00<br \/>\n<\/strong>Alerte rouge lanc\u00e9e par l\u2019IRM sur toute la province. Tout le monde v\u00e9rifie autour de lui.<\/li>\n<li><strong>20:00<br \/>\n<\/strong>Mon meilleur ami me t\u00e9l\u00e9phone, \u00ab l\u2019eau arrive dans la cave \u00bb. Je m\u2019en fous pour le moment, la situation de maman est plus critique (elle habite le long de l\u2019Ourthe).<\/li>\n<li><strong>22:00<br \/>\n<\/strong>La maison est en s\u00e9curit\u00e9, tout le monde va bien. Je pars pour me rendre chez maman (20 Km de chez moi). Le trajet semble interminable, malgr\u00e9 une voiture \u00e9quip\u00e9e (4X4 &#8211; 2,8T). Impossible de garder l\u2019adh\u00e9rence, les routes sont des ruisseaux, des glissements de terrain commencent sur les \u00ab zones connues \u00bb, les petits ruisseaux montent \u00e0 vue d\u2019\u0153il.<\/li>\n<li><strong>23:30<br \/>\n<\/strong>J\u2019arrive pr\u00e8s de chez maman, le niveau de l\u2019eau est d\u00e9j\u00e0 haut. Je dois m\u2019arr\u00eater \u00e0 la gare et continuer \u00e0 pied, je m\u2019approche, l\u2019eau monte 10, 20, 30 cm quand j\u2019arrive \u00e0 la maison. Tremp\u00e9 de toute part, nous d\u00e9cidons de mettre les meubles, frigo et autres en hauteur pour les pr\u00e9server. 2 heures passent.<\/li>\n<\/ul>\n<\/div>\n<\/div>\n<div class=\"o9v6fnle cxmmr5t8 oygrvhab hcukyx3x c1et5uql ii04i59q\">\n<div dir=\"auto\">\u00a0<strong>Jeudi 15\/07<\/strong><\/div>\n<div dir=\"auto\">\n<ul>\n<li><strong>01:00<br \/>\n<\/strong><img loading=\"lazy\" src=\"https:\/\/static.xx.fbcdn.net\/images\/emoji.php\/v9\/teb\/1\/16\/2642.png\" alt=\"\u2642\" width=\"16\" height=\"16\" \/>B : \u00ab Il faut \u00e9vacuer, convaincre ta maman (86 ans) de quitter sa maison \u00bb. Nous sommes coinc\u00e9s au premier, plus de r\u00e9seau, plus d\u2019\u00e9lectricit\u00e9 dans la maison. Les fr\u00e8res ont \u00e9t\u00e9 pr\u00e9venus, ils arrivent avec un bateau. La course contre la montre commence, l\u2019eau est froide, le courant important (\u00e0 5 dans l\u2019eau pour garder le bateau \u00e0 flot avec la maman au centre). De temps en temps, le nain (moi \u2013 1,65m) : \u00ab Je n\u2019ai plus pied \u00bb. Les fr\u00e8res (le plus petit fait 1,97) : \u00ab Je t\u2019avais dit de grandir \u00bb. Et oui, dans des moments pareil, l\u2019humour est source de force, il nous reste encore 20 m\u00e8tres \u00e0 faire, nous en avons fait la moiti\u00e9.<\/li>\n<li><strong>02:30<br \/>\n<\/strong>La maman est en s\u00e9curit\u00e9, il faut aider les voisins, isol\u00e9, sur les toits, dans les \u00e9tages\u2026 Nous sommes partis pour organiser une chaine humanitaire des plus t\u00e9m\u00e9raires en attendant les secours. La nuit passera \u00e0 une vitesse folle, il fait jour !<\/li>\n<li><strong>07:00<br \/>\n<\/strong>\u00c9puis\u00e9 mais satisfait, je dois rentrer, le boulot, les enfants, la vie doit continuer. Je monte dans ma voiture, je prends le chemin du retour. Les infos tombent, nous ne sommes pas dans une zone isol\u00e9e, nous sommes m\u00eame parmi les \u00ab chanceux \u00bb du drame qui s\u2019annonce.<\/li>\n<li><strong>08:30<br \/>\n<\/strong>Apr\u00e8s un retour chaotique, de nombreux d\u00e9tours au vu des routes impraticables, j\u2019arrive \u00e0 la maison. La vie continue sous la pluie. R\u00e9unions du matin\u2026<\/li>\n<li><strong>10:00<br \/>\n<\/strong>Annonce aux infos que le plus dur doit arriver. Mais le frigo est vide et il nous faut faire des courses pour le midi. Je pars avec ma fille vers Li\u00e8ge centre. A peine arriv\u00e9, on ferme le centre, il faut \u00e9vacuer. On aide \u00e0 gauche, \u00e0 droite. Je commence \u00e0 prendre contact avec tous ceux que je connais qui sont dans les zones \u00ab touch\u00e9es \u00bb Certains r\u00e9pondent, d\u2019autres, beaucoup d\u2019autres, pas !<\/li>\n<li><strong>13:00<br \/>\n<\/strong>Retour \u00e0 la maison, \u00e9puis\u00e9, vid\u00e9, je tombe endormi.<\/li>\n<li><strong>15:00<br \/>\n<\/strong>Le t\u00e9l\u00e9phone sonne, \u00ab Salut <span class=\"pq6dq46d tbxw36s4 knj5qynh kvgmc6g5 ditlmg2l oygrvhab nvdbi5me sf5mxxl7 gl3lb2sf hhz5lgdu\"><img loading=\"lazy\" src=\"https:\/\/static.xx.fbcdn.net\/images\/emoji.php\/v9\/teb\/1\/16\/2642.png\" alt=\"\u2642\" width=\"16\" height=\"16\" \/><\/span>F, c\u2019est la catastrophe \u00e0 Verviers, tu connais des gens pour nous aider ? \u00bb. Je r\u00e9ponds : \u00ab On s\u2019organise, par o\u00f9 pouvons-nous arriver ? \u00bb.<\/li>\n<li><strong>15:15<br \/>\n<\/strong>Message de la maman de mon fils : \u00ab Bonjour, nous devons \u00eatre \u00e9vacu\u00e9 par la police, je vais chez ma maman \u00bb (elle habite(ait) dans la r\u00e9gion de Ch\u00ean\u00e9e).<\/li>\n<li><strong>17:00<br \/>\n<\/strong>Nous arrivons \u00e0 Theux, les pompiers sont sur place. On ex\u00e9cute les ordres, on respecte les consignes. L\u2019eau n\u2019est pas plus chaude mais plus haute que chez maman, beaucoup plus haute. Un message de <span class=\"pq6dq46d tbxw36s4 knj5qynh kvgmc6g5 ditlmg2l oygrvhab nvdbi5me sf5mxxl7 gl3lb2sf hhz5lgdu\"><img loading=\"lazy\" src=\"https:\/\/static.xx.fbcdn.net\/images\/emoji.php\/v9\/teb\/1\/16\/2642.png\" alt=\"\u2642\" width=\"16\" height=\"16\" \/><\/span>T : \u00ab Je suis sur mon toit, la maison bouge \u00bb. R\u00e9ponse : \u00ab va chez ton voisin, il est plus haut, on arrive \u00bb.<\/li>\n<li><strong>20:00<br \/>\n<\/strong><img loading=\"lazy\" src=\"https:\/\/static.xx.fbcdn.net\/images\/emoji.php\/v9\/teb\/1\/16\/2642.png\" alt=\"\u2642\" width=\"16\" height=\"16\" \/>T est sauv\u00e9, mais la nuit va \u00eatre longue. Mais trop fatigu\u00e9, je d\u00e9cide de rentrer, de toute fa\u00e7on l\u2019eau est trop forte, trop haute pour faire plus.<\/li>\n<li><strong>23:00<br \/>\n<\/strong>De retour \u00e0 la maison. Les informations sont alarmantes, les ponts de Li\u00e8ge sont s\u00e9curis\u00e9s, les villages tombent les uns apr\u00e8s les autres. Je m\u2019\u00e9croule, assomm\u00e9 par la temp\u00e9rature, le contre-choc est l\u00e0.<\/li>\n<\/ul>\n<\/div>\n<\/div>\n<div class=\"o9v6fnle cxmmr5t8 oygrvhab hcukyx3x c1et5uql ii04i59q\">\n<div dir=\"auto\">\u00a0<strong>Vendredi 16\/07<\/strong><\/div>\n<div dir=\"auto\">\n<ul>\n<li><strong>07:00<br \/>\n<\/strong>Le r\u00e9veil sonne. <span class=\"pq6dq46d tbxw36s4 knj5qynh kvgmc6g5 ditlmg2l oygrvhab nvdbi5me sf5mxxl7 gl3lb2sf hhz5lgdu\"><img loading=\"lazy\" src=\"https:\/\/static.xx.fbcdn.net\/images\/emoji.php\/v9\/te9\/1\/16\/2640.png\" alt=\"\u2640\" width=\"16\" height=\"16\" \/><\/span>A au t\u00e9l\u00e9phone : \u00ab <span class=\"pq6dq46d tbxw36s4 knj5qynh kvgmc6g5 ditlmg2l oygrvhab nvdbi5me sf5mxxl7 gl3lb2sf hhz5lgdu\"><img loading=\"lazy\" src=\"https:\/\/static.xx.fbcdn.net\/images\/emoji.php\/v9\/teb\/1\/16\/2642.png\" alt=\"\u2642\" width=\"16\" height=\"16\" \/><\/span>F, c\u2019est la catastrophe \u00bb. Message de l\u2019un, de l\u2019autre, des r\u00e9ponses, des questions, une seule bonne nouvelle, la d\u00e9crue a commenc\u00e9, le plus dur est pass\u00e9, on va pouvoir nettoyer \u00ab gentiment \u00bb. Je contacte tous les clubs Kiwanis afin de solliciter leur aide.<\/li>\n<li><strong>10:00<br \/>\n<\/strong>De retour le long de l\u2019Ourthe, sur la route, un seul mot \u00ab la d\u00e9solation \u00bb. Je ne reconnais plus rien. L\u00e0 o\u00f9 j\u2019allais en 30 minutes, j\u2019y arrive au bout de 2 heures dans un d\u00e9cor que je n\u2019avais vu que dans des films. La famille de <span class=\"pq6dq46d tbxw36s4 knj5qynh kvgmc6g5 ditlmg2l oygrvhab nvdbi5me sf5mxxl7 gl3lb2sf hhz5lgdu\"><img loading=\"lazy\" src=\"https:\/\/static.xx.fbcdn.net\/images\/emoji.php\/v9\/teb\/1\/16\/2642.png\" alt=\"\u2642\" width=\"16\" height=\"16\" \/><\/span>B est d\u00e9j\u00e0 sur place, l\u2019eau a tout d\u00e9truit et est mont\u00e9e jusque 1,9m dans la maison. L\u2019odeur de mazout est insupportable, il nous faut sortir tous les quarts d\u2019heure. Mais les bonnes nouvelles continuent d\u2019arriver. Tous ceux que je connais sont sains et saufs, sauf 2. Nous avons aussi, enfin des nouvelles de <span class=\"pq6dq46d tbxw36s4 knj5qynh kvgmc6g5 ditlmg2l oygrvhab nvdbi5me sf5mxxl7 gl3lb2sf hhz5lgdu\"><img loading=\"lazy\" src=\"https:\/\/static.xx.fbcdn.net\/images\/emoji.php\/v9\/teb\/1\/16\/2642.png\" alt=\"\u2642\" width=\"16\" height=\"16\" \/><\/span>F (pas moi <span class=\"pq6dq46d tbxw36s4 knj5qynh kvgmc6g5 ditlmg2l oygrvhab nvdbi5me sf5mxxl7 gl3lb2sf hhz5lgdu\"><img loading=\"lazy\" src=\"https:\/\/static.xx.fbcdn.net\/images\/emoji.php\/v9\/t7f\/1\/16\/1f60a.png\" alt=\"?\" width=\"16\" height=\"16\" \/><\/span>) de notre club, apr\u00e8s 48 heures bloqu\u00e9 \u00e0 l\u2019\u00e9tage sans manger, sans boire, il a \u00e9t\u00e9 secouru. On nettoie le plus gros afin de pouvoir circuler dans la maison. La journ\u00e9e passe, le GSM chauffe, je r\u00e9ponds comme je peux, avec mes connaissances, mes contacts.<\/li>\n<li><strong>15:00<br \/>\n<\/strong>Contact avec le District par le biais de <span class=\"pq6dq46d tbxw36s4 knj5qynh kvgmc6g5 ditlmg2l oygrvhab nvdbi5me sf5mxxl7 gl3lb2sf hhz5lgdu\"><img loading=\"lazy\" src=\"https:\/\/static.xx.fbcdn.net\/images\/emoji.php\/v9\/teb\/1\/16\/2642.png\" alt=\"\u2642\" width=\"16\" height=\"16\" \/><\/span>H. Je r\u00e9ponds froidement : (je m\u2019en excuse encore <span class=\"pq6dq46d tbxw36s4 knj5qynh kvgmc6g5 ditlmg2l oygrvhab nvdbi5me sf5mxxl7 gl3lb2sf hhz5lgdu\"><img loading=\"lazy\" src=\"https:\/\/static.xx.fbcdn.net\/images\/emoji.php\/v9\/teb\/1\/16\/2642.png\" alt=\"\u2642\" width=\"16\" height=\"16\" \/><\/span>H) \u00ab Je n\u2019ai pas le temps d\u2019arriver \u00e0 mon PC, je suis sur le terrain. Le reste ne m\u2019int\u00e9resse pas pour le moment, tout doit passer par mon GSM (Messenger \/ WhatsApp \/ SMS), pour le reste, c\u2019est quand j\u2019ai le temps \u00bb.<\/li>\n<li><strong>18:30<br \/>\n<\/strong>Suites aux r\u00e9ponses des clubs, le groupe \u00ab Kiwanis \u2013 Inondation \u00bb voit le jour. Tout le monde prend son carnet d\u2019adresse et on commence. Je rasure tout ceux avec qui j\u2019ai collabor\u00e9 et qui demandent des nouvelles. Je cherche o\u00f9 sont les centres de crise les plus importants pour voir ce que le Kiwanis peut faire. Les premiers colis arrivent \u00e0 la maison l\u2019organisation se met en place.<\/li>\n<li><strong>20:00<br \/>\n<\/strong>Nous avons fini la premi\u00e8re maison, il en reste\u2026. Ben toute la rue \u00e0 perte de vue !<\/li>\n<li><strong>21:00<br \/>\n<\/strong>Le groupe WhatsApp est en effervescence, l\u2019organisation commence, les informations transites, le premier rendez-vous est pris pour demain 09h00.<\/li>\n<\/ul>\n<\/div>\n<\/div>\n<div class=\"o9v6fnle cxmmr5t8 oygrvhab hcukyx3x c1et5uql ii04i59q\">\n<div dir=\"auto\">\u00a0<strong>Samedi 17\/07<\/strong><\/div>\n<div dir=\"auto\">\n<ul>\n<li><strong>04:00<br \/>\n<\/strong>Je rentre, nous avons fait le max pour aujourd\u2019hui (expression avant d\u2019aller dormir).<\/li>\n<li><strong>07:00<br \/>\n<\/strong>Le t\u00e9l\u00e9phone sonne, des r\u00e9ponses positives, de droite, de gauche. La journ\u00e9e s\u2019annonce bonne.<\/li>\n<li><strong>09:00<br \/>\n<\/strong>Retour le long de l\u2019Ourthe, des Kiwaniens arrivent, d\u2019autres, on commence le nettoyage.<\/li>\n<li><strong>10:00<br \/>\n<\/strong>Ma secr\u00e9taire (<span class=\"pq6dq46d tbxw36s4 knj5qynh kvgmc6g5 ditlmg2l oygrvhab nvdbi5me sf5mxxl7 gl3lb2sf hhz5lgdu\"><img loading=\"lazy\" src=\"https:\/\/static.xx.fbcdn.net\/images\/emoji.php\/v9\/teb\/1\/16\/2642.png\" alt=\"\u2642\" width=\"16\" height=\"16\" \/><\/span>H) prend ses fonctions apr\u00e8s un appel plus chaleureux, rendez-vous pris pour 14h00.<\/li>\n<li><strong>14:00<br \/>\n<\/strong>Premi\u00e8re r\u00e9union (et la seule pour moi, manque de temps) o\u00f9 l\u2019on dresse le plan d\u2019attaque de Kiwanis pour aider au mieux et de mani\u00e8re structur\u00e9e.<\/li>\n<li><strong>17:00<br \/>\n<\/strong>A 20 personnes, la premi\u00e8re maison est vid\u00e9e et nettoy\u00e9e, le sol est enfin propre, l\u2019odeur est toujours pr\u00e9sente, l\u2019eau de la cave est toujours pomp\u00e9e. Le courtier d\u2019assurance est pass\u00e9. Mais il y a la suite, le reste. Je me rends pour la premi\u00e8re fois dans le centre de crise \u00ab en vrai \u00bb. On \u00e9change les num\u00e9ros, on s\u2019organise, les voyages commencent entre les centres, chez moi. Ma secr\u00e9taire re\u00e7oit des messages \u00ab cod\u00e9s \u00bb.<\/li>\n<li><strong>18:00<br \/>\n<\/strong>Arriv\u00e9e des premiers camions (45 tonnes de marchandises) qu\u2019on se partage entre <span class=\"pq6dq46d tbxw36s4 knj5qynh kvgmc6g5 ditlmg2l oygrvhab nvdbi5me sf5mxxl7 gl3lb2sf hhz5lgdu\"><img loading=\"lazy\" src=\"https:\/\/static.xx.fbcdn.net\/images\/emoji.php\/v9\/te9\/1\/16\/2640.png\" alt=\"\u2640\" width=\"16\" height=\"16\" \/><\/span>A (Stembert) et moi. Ma secr\u00e9taire est bombard\u00e9e de demandes, de liste suivant mon passage d\u2019un centre de crise \u00e0 l\u2019autre.<\/li>\n<li><strong>20:00<br \/>\n<\/strong>Le combat politique commence, les villes bleues ne veulent pas aider les villes rouges et inversement. Je refuse de rentrer dans ce jeu et prend la responsabilit\u00e9 de d\u00e9charger comme je l\u2019entend. Le responsable surpris \/ choqu\u00e9 de ma r\u00e9ponse : \u00ab Voici mes coordonn\u00e9es pour envoyer l\u2019amende si vous n\u2019\u00eates pas d\u2019accord \u00bb. Je hais cette politique qui se pavane en p\u00e9riode \u00e9lectorale et qui se bat quand il faut aider dans l\u2019ombre. Pour arriver d\u2019un centre \u00e0 l\u2019autre, on passe par des rues o\u00f9 le camion sait \u00e0 peine passer entre les d\u00e9chets \/ d\u00e9combres sortis des maisons, ma voiture passe \u00e0 peine certains trous. Mais nous arrivons \u00e0 toucher tous les centres&#8230;<\/li>\n<\/ul>\n<\/div>\n<\/div>\n<div class=\"o9v6fnle cxmmr5t8 oygrvhab hcukyx3x c1et5uql ii04i59q\">\n<div dir=\"auto\"><strong>Dimanche 17\/07<\/strong><\/div>\n<div dir=\"auto\">\n<ul>\n<li><strong>01:00<br \/>\n<\/strong>Fin du d\u00e9chargement, il fait faim. Nous venons de remplir les 5 centres principaux de la r\u00e9gion&#8230;<\/li>\n<li><strong>01:30<br \/>\n<\/strong>Je prends du recul dans le centre d\u2019h\u00e9bergement, besoin de calme. Je tourne la t\u00eate et je me retrouve face \u00e0 un pendu. Un sinistr\u00e9 qui avait tout perdu, surtout son chien, la seule chose qui lui \u00e9tait encore ch\u00e8re. La laisse a servi une derni\u00e8re fois. Ma fille qui m\u2019a suivi une bonne partie de l\u2019aventure ces derniers jours doit \u00eatre pr\u00e9serv\u00e9e, faire semblant de rien. Moment tr\u00e8s douloureux ou toute la d\u00e9tresse vous gifle.<\/li>\n<li><strong>05:30<br \/>\n<\/strong>De retour \u00e0 la maison, il faut encore assurer la journ\u00e9e de demain.<\/li>\n<li><strong>08:30<br \/>\n<\/strong>Debout, il faut aller voir mon fils, le rassurer et passer un peu de temps avec lui. On charge la voiture de vivre pour les centres, et la ronde commence. Le t\u00e9l\u00e9phone n\u2019arr\u00eate pas entre les demandes, les annonces, les r\u00e9ponses.<\/li>\n<li><strong>10:00<br \/>\n<\/strong>Enfin r\u00e9ponse des deux derniers. Dans mes connaissances, pas de victimes \u00e0 d\u00e9plorer. J\u2019apprends qu\u2019un centre pour enfants a \u00e9t\u00e9 touch\u00e9 et \u00e9vacu\u00e9. Comment organiser au mieux une aide pour eux. Merci au club de Li\u00e8ge Condroz qui a pris l\u2019\u00e9vacuation en charge ainsi que le relais des demandes du centre.<\/li>\n<li><strong>17:00<br \/>\n<\/strong>La journ\u00e9e a \u00e9t\u00e9 \u00ab calme \u00bb, sur la route \u00e0 g\u00e9rer la logistique pour essayer d\u2019alimenter au mieux tous les centres pris sous notre aile. Tous les enfants du centre sont au chaud. Il leur manque le plus important \u00e0 leurs yeux, de quoi les occuper.<\/li>\n<li><strong>18:00<br \/>\n<\/strong>Derni\u00e8re livraison pr\u00e9vue au centre de Beaufays. Il ferme, tous les sinistr\u00e9s de la r\u00e9gion Li\u00e9geoise sont enfin relog\u00e9s en lieu s\u00fbr. Premier gros objectif r\u00e9ussi pour tous. Les centres nous remercient milles fois, nous sommes un des fournisseurs principaux avec 50 tonnes atteint !<\/li>\n<li><strong>19:00<br \/>\n<\/strong>Dans le bois en famille avec le chien. Douche, souper au calme. Et je prends le temps de vous r\u00e9pondre.<\/li>\n<\/ul>\n<\/div>\n<\/div>\n<div class=\"o9v6fnle cxmmr5t8 oygrvhab hcukyx3x c1et5uql ii04i59q\">\n<div dir=\"auto\">Ceci n\u2019est pas un roman, ou le sc\u00e9nario d\u2019un film. En aucun cas une mise en valeur, mais simplement ce que j\u2019ai v\u00e9cu et comment je l\u2019ai ressenti.<\/div>\n<\/div>\n","protected":false},"excerpt":{"rendered":"<p>Mardi 13\/07 19:00 On annonce une \u00ab grosse \u00bb pluie pour la fin de la semaine sur l\u2019ensemble de la Belgique. On rigole, on se dit que ce sera chez [&hellip;]<\/p>\n","protected":false},"author":2,"featured_media":0,"comment_status":"closed","ping_status":"closed","sticky":false,"template":"","format":"standard","meta":{"_et_pb_use_builder":"","_et_pb_old_content":"","_et_gb_content_width":""},"categories":[1],"tags":[],"yoast_head":"<!-- This site is optimized with the Yoast SEO plugin v19.8 - https:\/\/yoast.com\/wordpress\/plugins\/seo\/ -->\n<title>T\u00e9moignage d&#039;un kiwanien, au plus pr\u00e8s des inondations - Kiwanis Dilbeek Bruegel<\/title>\n<meta name=\"robots\" content=\"noindex, follow, max-snippet:-1, max-image-preview:large, max-video-preview:-1\" \/>\n<meta property=\"og:locale\" content=\"fr_FR\" \/>\n<meta property=\"og:type\" content=\"article\" \/>\n<meta property=\"og:title\" content=\"T\u00e9moignage d&#039;un kiwanien, au plus pr\u00e8s des inondations - Kiwanis Dilbeek Bruegel\" \/>\n<meta property=\"og:description\" content=\"Mardi 13\/07 19:00 On annonce une \u00ab grosse \u00bb pluie pour la fin de la semaine sur l\u2019ensemble de la Belgique. On rigole, on se dit que ce sera chez [&hellip;]\" \/>\n<meta property=\"og:url\" content=\"https:\/\/webkrea.kiwanisbelux.site\/bruegel\/temoignage-dun-kiwanien-au-plus-pres-des-inondations\/\" \/>\n<meta property=\"og:site_name\" content=\"Kiwanis Dilbeek Bruegel\" \/>\n<meta property=\"article:published_time\" content=\"2021-07-19T16:27:30+00:00\" \/>\n<meta property=\"article:modified_time\" content=\"2021-08-31T16:28:22+00:00\" \/>\n<meta property=\"og:image\" content=\"https:\/\/static.xx.fbcdn.net\/images\/emoji.php\/v9\/teb\/1\/16\/2642.png\" \/>\n<meta name=\"author\" content=\"Thierry Wergifosse\" \/>\n<meta name=\"twitter:card\" content=\"summary_large_image\" \/>\n<meta name=\"twitter:label1\" content=\"\u00c9crit par\" \/>\n\t<meta name=\"twitter:data1\" content=\"Thierry Wergifosse\" \/>\n\t<meta name=\"twitter:label2\" content=\"Dur\u00e9e de lecture estim\u00e9e\" \/>\n\t<meta name=\"twitter:data2\" content=\"10 minutes\" \/>\n<script type=\"application\/ld+json\" class=\"yoast-schema-graph\">{\"@context\":\"https:\/\/schema.org\",\"@graph\":[{\"@type\":\"Article\",\"@id\":\"https:\/\/webkrea.kiwanisbelux.site\/bruegel\/temoignage-dun-kiwanien-au-plus-pres-des-inondations\/#article\",\"isPartOf\":{\"@id\":\"https:\/\/webkrea.kiwanisbelux.site\/bruegel\/temoignage-dun-kiwanien-au-plus-pres-des-inondations\/\"},\"author\":{\"name\":\"Thierry Wergifosse\",\"@id\":\"https:\/\/webkrea.kiwanisbelux.site\/bruegel\/#\/schema\/person\/51abb82d931525a42a33e229312624ae\"},\"headline\":\"T\u00e9moignage d&rsquo;un kiwanien, au plus pr\u00e8s des inondations\",\"datePublished\":\"2021-07-19T16:27:30+00:00\",\"dateModified\":\"2021-08-31T16:28:22+00:00\",\"mainEntityOfPage\":{\"@id\":\"https:\/\/webkrea.kiwanisbelux.site\/bruegel\/temoignage-dun-kiwanien-au-plus-pres-des-inondations\/\"},\"wordCount\":2000,\"publisher\":{\"@id\":\"https:\/\/webkrea.kiwanisbelux.site\/bruegel\/#organization\"},\"articleSection\":[\"Non classifi\u00e9(e)\"],\"inLanguage\":\"fr-FR\"},{\"@type\":\"WebPage\",\"@id\":\"https:\/\/webkrea.kiwanisbelux.site\/bruegel\/temoignage-dun-kiwanien-au-plus-pres-des-inondations\/\",\"url\":\"https:\/\/webkrea.kiwanisbelux.site\/bruegel\/temoignage-dun-kiwanien-au-plus-pres-des-inondations\/\",\"name\":\"T\u00e9moignage d'un kiwanien, au plus pr\u00e8s des inondations - Kiwanis Dilbeek Bruegel\",\"isPartOf\":{\"@id\":\"https:\/\/webkrea.kiwanisbelux.site\/bruegel\/#website\"},\"datePublished\":\"2021-07-19T16:27:30+00:00\",\"dateModified\":\"2021-08-31T16:28:22+00:00\",\"breadcrumb\":{\"@id\":\"https:\/\/webkrea.kiwanisbelux.site\/bruegel\/temoignage-dun-kiwanien-au-plus-pres-des-inondations\/#breadcrumb\"},\"inLanguage\":\"fr-FR\",\"potentialAction\":[{\"@type\":\"ReadAction\",\"target\":[\"https:\/\/webkrea.kiwanisbelux.site\/bruegel\/temoignage-dun-kiwanien-au-plus-pres-des-inondations\/\"]}]},{\"@type\":\"BreadcrumbList\",\"@id\":\"https:\/\/webkrea.kiwanisbelux.site\/bruegel\/temoignage-dun-kiwanien-au-plus-pres-des-inondations\/#breadcrumb\",\"itemListElement\":[{\"@type\":\"ListItem\",\"position\":1,\"name\":\"Home\",\"item\":\"https:\/\/webkrea.kiwanisbelux.site\/bruegel\/\"},{\"@type\":\"ListItem\",\"position\":2,\"name\":\"T\u00e9moignage d&#8217;un kiwanien, au plus pr\u00e8s des inondations\"}]},{\"@type\":\"WebSite\",\"@id\":\"https:\/\/webkrea.kiwanisbelux.site\/bruegel\/#website\",\"url\":\"https:\/\/webkrea.kiwanisbelux.site\/bruegel\/\",\"name\":\"Kiwanis Dilbeek Bruegel\",\"description\":\"\",\"publisher\":{\"@id\":\"https:\/\/webkrea.kiwanisbelux.site\/bruegel\/#organization\"},\"potentialAction\":[{\"@type\":\"SearchAction\",\"target\":{\"@type\":\"EntryPoint\",\"urlTemplate\":\"https:\/\/webkrea.kiwanisbelux.site\/bruegel\/?s={search_term_string}\"},\"query-input\":\"required name=search_term_string\"}],\"inLanguage\":\"fr-FR\"},{\"@type\":\"Organization\",\"@id\":\"https:\/\/webkrea.kiwanisbelux.site\/bruegel\/#organization\",\"name\":\"Kiwanis\",\"url\":\"https:\/\/webkrea.kiwanisbelux.site\/bruegel\/\",\"sameAs\":[],\"logo\":{\"@type\":\"ImageObject\",\"inLanguage\":\"fr-FR\",\"@id\":\"https:\/\/webkrea.kiwanisbelux.site\/bruegel\/#\/schema\/logo\/image\/\",\"url\":\"https:\/\/webkrea.kiwanisbelux.site\/bruegel\/wp-content\/uploads\/sites\/22\/2021\/04\/kiwanis-logo@2x.png\",\"contentUrl\":\"https:\/\/webkrea.kiwanisbelux.site\/bruegel\/wp-content\/uploads\/sites\/22\/2021\/04\/kiwanis-logo@2x.png\",\"width\":555,\"height\":100,\"caption\":\"Kiwanis\"},\"image\":{\"@id\":\"https:\/\/webkrea.kiwanisbelux.site\/bruegel\/#\/schema\/logo\/image\/\"}},{\"@type\":\"Person\",\"@id\":\"https:\/\/webkrea.kiwanisbelux.site\/bruegel\/#\/schema\/person\/51abb82d931525a42a33e229312624ae\",\"name\":\"Thierry Wergifosse\",\"image\":{\"@type\":\"ImageObject\",\"inLanguage\":\"fr-FR\",\"@id\":\"https:\/\/webkrea.kiwanisbelux.site\/bruegel\/#\/schema\/person\/image\/\",\"url\":\"https:\/\/secure.gravatar.com\/avatar\/264f92f24514d2db99cc78de50296e65?s=96&d=mm&r=g\",\"contentUrl\":\"https:\/\/secure.gravatar.com\/avatar\/264f92f24514d2db99cc78de50296e65?s=96&d=mm&r=g\",\"caption\":\"Thierry Wergifosse\"},\"url\":\"https:\/\/webkrea.kiwanisbelux.site\/bruegel\/author\/thierry\/\"}]}<\/script>\n<!-- \/ Yoast SEO plugin. -->","yoast_head_json":{"title":"T\u00e9moignage d'un kiwanien, au plus pr\u00e8s des inondations - Kiwanis Dilbeek Bruegel","robots":{"index":"noindex","follow":"follow","max-snippet":"max-snippet:-1","max-image-preview":"max-image-preview:large","max-video-preview":"max-video-preview:-1"},"og_locale":"fr_FR","og_type":"article","og_title":"T\u00e9moignage d'un kiwanien, au plus pr\u00e8s des inondations - Kiwanis Dilbeek Bruegel","og_description":"Mardi 13\/07 19:00 On annonce une \u00ab grosse \u00bb pluie pour la fin de la semaine sur l\u2019ensemble de la Belgique. On rigole, on se dit que ce sera chez [&hellip;]","og_url":"https:\/\/webkrea.kiwanisbelux.site\/bruegel\/temoignage-dun-kiwanien-au-plus-pres-des-inondations\/","og_site_name":"Kiwanis Dilbeek Bruegel","article_published_time":"2021-07-19T16:27:30+00:00","article_modified_time":"2021-08-31T16:28:22+00:00","og_image":[{"url":"https:\/\/static.xx.fbcdn.net\/images\/emoji.php\/v9\/teb\/1\/16\/2642.png"}],"author":"Thierry Wergifosse","twitter_card":"summary_large_image","twitter_misc":{"\u00c9crit par":"Thierry Wergifosse","Dur\u00e9e de lecture estim\u00e9e":"10 minutes"},"schema":{"@context":"https:\/\/schema.org","@graph":[{"@type":"Article","@id":"https:\/\/webkrea.kiwanisbelux.site\/bruegel\/temoignage-dun-kiwanien-au-plus-pres-des-inondations\/#article","isPartOf":{"@id":"https:\/\/webkrea.kiwanisbelux.site\/bruegel\/temoignage-dun-kiwanien-au-plus-pres-des-inondations\/"},"author":{"name":"Thierry Wergifosse","@id":"https:\/\/webkrea.kiwanisbelux.site\/bruegel\/#\/schema\/person\/51abb82d931525a42a33e229312624ae"},"headline":"T\u00e9moignage d&rsquo;un kiwanien, au plus pr\u00e8s des inondations","datePublished":"2021-07-19T16:27:30+00:00","dateModified":"2021-08-31T16:28:22+00:00","mainEntityOfPage":{"@id":"https:\/\/webkrea.kiwanisbelux.site\/bruegel\/temoignage-dun-kiwanien-au-plus-pres-des-inondations\/"},"wordCount":2000,"publisher":{"@id":"https:\/\/webkrea.kiwanisbelux.site\/bruegel\/#organization"},"articleSection":["Non classifi\u00e9(e)"],"inLanguage":"fr-FR"},{"@type":"WebPage","@id":"https:\/\/webkrea.kiwanisbelux.site\/bruegel\/temoignage-dun-kiwanien-au-plus-pres-des-inondations\/","url":"https:\/\/webkrea.kiwanisbelux.site\/bruegel\/temoignage-dun-kiwanien-au-plus-pres-des-inondations\/","name":"T\u00e9moignage d'un kiwanien, au plus pr\u00e8s des inondations - Kiwanis Dilbeek Bruegel","isPartOf":{"@id":"https:\/\/webkrea.kiwanisbelux.site\/bruegel\/#website"},"datePublished":"2021-07-19T16:27:30+00:00","dateModified":"2021-08-31T16:28:22+00:00","breadcrumb":{"@id":"https:\/\/webkrea.kiwanisbelux.site\/bruegel\/temoignage-dun-kiwanien-au-plus-pres-des-inondations\/#breadcrumb"},"inLanguage":"fr-FR","potentialAction":[{"@type":"ReadAction","target":["https:\/\/webkrea.kiwanisbelux.site\/bruegel\/temoignage-dun-kiwanien-au-plus-pres-des-inondations\/"]}]},{"@type":"BreadcrumbList","@id":"https:\/\/webkrea.kiwanisbelux.site\/bruegel\/temoignage-dun-kiwanien-au-plus-pres-des-inondations\/#breadcrumb","itemListElement":[{"@type":"ListItem","position":1,"name":"Home","item":"https:\/\/webkrea.kiwanisbelux.site\/bruegel\/"},{"@type":"ListItem","position":2,"name":"T\u00e9moignage d&#8217;un kiwanien, au plus pr\u00e8s des inondations"}]},{"@type":"WebSite","@id":"https:\/\/webkrea.kiwanisbelux.site\/bruegel\/#website","url":"https:\/\/webkrea.kiwanisbelux.site\/bruegel\/","name":"Kiwanis Dilbeek Bruegel","description":"","publisher":{"@id":"https:\/\/webkrea.kiwanisbelux.site\/bruegel\/#organization"},"potentialAction":[{"@type":"SearchAction","target":{"@type":"EntryPoint","urlTemplate":"https:\/\/webkrea.kiwanisbelux.site\/bruegel\/?s={search_term_string}"},"query-input":"required name=search_term_string"}],"inLanguage":"fr-FR"},{"@type":"Organization","@id":"https:\/\/webkrea.kiwanisbelux.site\/bruegel\/#organization","name":"Kiwanis","url":"https:\/\/webkrea.kiwanisbelux.site\/bruegel\/","sameAs":[],"logo":{"@type":"ImageObject","inLanguage":"fr-FR","@id":"https:\/\/webkrea.kiwanisbelux.site\/bruegel\/#\/schema\/logo\/image\/","url":"https:\/\/webkrea.kiwanisbelux.site\/bruegel\/wp-content\/uploads\/sites\/22\/2021\/04\/kiwanis-logo@2x.png","contentUrl":"https:\/\/webkrea.kiwanisbelux.site\/bruegel\/wp-content\/uploads\/sites\/22\/2021\/04\/kiwanis-logo@2x.png","width":555,"height":100,"caption":"Kiwanis"},"image":{"@id":"https:\/\/webkrea.kiwanisbelux.site\/bruegel\/#\/schema\/logo\/image\/"}},{"@type":"Person","@id":"https:\/\/webkrea.kiwanisbelux.site\/bruegel\/#\/schema\/person\/51abb82d931525a42a33e229312624ae","name":"Thierry Wergifosse","image":{"@type":"ImageObject","inLanguage":"fr-FR","@id":"https:\/\/webkrea.kiwanisbelux.site\/bruegel\/#\/schema\/person\/image\/","url":"https:\/\/secure.gravatar.com\/avatar\/264f92f24514d2db99cc78de50296e65?s=96&d=mm&r=g","contentUrl":"https:\/\/secure.gravatar.com\/avatar\/264f92f24514d2db99cc78de50296e65?s=96&d=mm&r=g","caption":"Thierry Wergifosse"},"url":"https:\/\/webkrea.kiwanisbelux.site\/bruegel\/author\/thierry\/"}]}},"_links":{"self":[{"href":"https:\/\/webkrea.kiwanisbelux.site\/bruegel\/wp-json\/wp\/v2\/posts\/1039"}],"collection":[{"href":"https:\/\/webkrea.kiwanisbelux.site\/bruegel\/wp-json\/wp\/v2\/posts"}],"about":[{"href":"https:\/\/webkrea.kiwanisbelux.site\/bruegel\/wp-json\/wp\/v2\/types\/post"}],"author":[{"embeddable":true,"href":"https:\/\/webkrea.kiwanisbelux.site\/bruegel\/wp-json\/wp\/v2\/users\/2"}],"replies":[{"embeddable":true,"href":"https:\/\/webkrea.kiwanisbelux.site\/bruegel\/wp-json\/wp\/v2\/comments?post=1039"}],"version-history":[{"count":1,"href":"https:\/\/webkrea.kiwanisbelux.site\/bruegel\/wp-json\/wp\/v2\/posts\/1039\/revisions"}],"predecessor-version":[{"id":1040,"href":"https:\/\/webkrea.kiwanisbelux.site\/bruegel\/wp-json\/wp\/v2\/posts\/1039\/revisions\/1040"}],"wp:attachment":[{"href":"https:\/\/webkrea.kiwanisbelux.site\/bruegel\/wp-json\/wp\/v2\/media?parent=1039"}],"wp:term":[{"taxonomy":"category","embeddable":true,"href":"https:\/\/webkrea.kiwanisbelux.site\/bruegel\/wp-json\/wp\/v2\/categories?post=1039"},{"taxonomy":"post_tag","embeddable":true,"href":"https:\/\/webkrea.kiwanisbelux.site\/bruegel\/wp-json\/wp\/v2\/tags?post=1039"}],"curies":[{"name":"wp","href":"https:\/\/api.w.org\/{rel}","templated":true}]}}