{"id":1005,"date":"2021-07-27T18:06:11","date_gmt":"2021-07-27T16:06:11","guid":{"rendered":"https:\/\/clients.webkrea.be\/kiwanis\/?p=1005"},"modified":"2021-08-31T18:23:58","modified_gmt":"2021-08-31T16:23:58","slug":"une-operation-daide-par-le-kc-kelmis-gohltal","status":"publish","type":"post","link":"https:\/\/webkrea.kiwanisbelux.site\/bruegel\/une-operation-daide-par-le-kc-kelmis-gohltal\/","title":{"rendered":"Une op\u00e9ration d&rsquo;aide par le KC Kelmis G\u00f6hltal"},"content":{"rendered":"<p><strong><em>Rapport sur une op\u00e9ration d&rsquo;aide men\u00e9e par le Kiwanis Club Kelmis G\u00f6hltal le 23.07.2021 \u00e0 la suite des inondations catastrophiques \u00e0 Pepinster<\/em><\/strong><\/p>\n<ol>\n<li><strong><em>Chronologie<\/em><\/strong>\n<ol>\n<li><em><strong>Courrier du gouverneur-Elect<\/strong><br \/>\n<\/em>Le 21 juillet, nous avons re\u00e7u un appel venant du gouverneur elect (Michel Tefnin):\u00a0\u00ab\u00a0Et pour que cela soit efficace, informez-nous de vos intentions d\u2019actions via notre plateforme par le biais du mail info@k4kids.be. \u00ab<\/li>\n<li><em><strong>Offre d\u2019aide<\/strong><br \/>\n<\/em>Suite \u00e0 la demande de cet e-mail, nous avons propos\u00e9 notre aide en demandant de nous communiquer un lieu \u00a0d\u2019intervention et un interlocuteur.<br \/>\nQuelques heures plus tard, la r\u00e9ponse suivante: \u00ab\u00a0Je vous propose donc de vous rendre \u00e0 la Maison Communale, rue Neuve 35 \u00e0 4860 Pepinster. C&rsquo;est l\u00e0 que se trouve le centre de coordination et de dispatching. La personne de contact sur place est Mme Breda (responsable du CPAS).\u00a0\u00bb<\/li>\n<li><em><strong>Constitution d\u2019une \u00e9quipe<\/strong><br \/>\n<\/em>Lors de la r\u00e9union du 21 juillet, nous avons r\u00e9uni une \u00e9quipe : Daniel Steffens (\u00e0 gauche), Manfred Klein (au centre, pr\u00e9sident), Christian Bastin (\u00e0 droite)<img loading=\"lazy\" class=\"aligncenter\" src=\"http:\/\/kiwanis.be\/files\/images\/2021-07-Inondations\/manfred-1-1.png\" alt=\"\" width=\"500\" height=\"375\" \/><br \/>\n<em><br \/>\n<\/em><\/li>\n<li><em><strong>Pr\u00e9paration<\/strong><br \/>\n<\/em>Nous avons rassembl\u00e9 des outils : brouettes, seaux, pelles, raclettes, une pompe \u00a0normale et une pompe qui peut aspirer jusqu\u2019au niveau z\u00e9ro. Mais aussi des appareils de mesure \u00e9lectriques et des outils pour remettre un b\u00e2timent sur le r\u00e9seau \u00e9lectrique public.<\/li>\n<li><strong><em>Voyage \u00e0 Pepinster<br \/>\n<\/em><\/strong>Les outils ont \u00e9t\u00e9 rang\u00e9s dans une camionnette, et \u00e0 8h00, nous sommes partis de Hergenrath.<br \/>\nDepuis la sortie de l\u2019autoroute \u00e0 Verviers, nous avons travers\u00e9 des routes compl\u00e8tement d\u00e9truites.<br \/>\nLa mesure de la destruction est indescriptible.<br \/>\nLa vue des chauss\u00e9es d\u00e9truites, des maisons, des ponts, etc., \u00e9tait bouleversante.<br \/>\nCependant, \u00e0 l\u2019arriv\u00e9e \u00e0 Pepinster, la Maison Communale \u00e9tait ferm\u00e9e et il n\u2019y avait nulle part o\u00f9 trouver un interlocuteur. M\u00eame la police qui \u00e9tait venue de Bruxelles n\u2019a pas pu nous aider\u00a0et encore moins nous recommander un lieu d\u2019intervention.<\/li>\n<li><strong>Recherche d\u2019un lieu d\u2019intervention<br \/>\n<\/strong>Nous n\u2019avons pas eu d\u2019autre choix que de chercher nous-m\u00eames des personnes dans le besoin.<br \/>\nLors d\u2019un d\u00e9placement dans les rues de la ville, nous les avons trouv\u00e9s : dans la rue Pepin, un groupe de personnes \u00e9tait en train de nettoyer un restaurant en ruine.<\/li>\n<li><strong>Travaux<\/strong><br \/>\nNotre aide a \u00e9t\u00e9 la bienvenue et nous avons contribu\u00e9 aux travaux suivants :<br \/>\n&#8211; Vider le rez-de-chauss\u00e9e.<br \/>\n&#8211; Rendre possible l\u2019acc\u00e8s au sous-sol.<br \/>\n&#8211; Pomper l\u2019eau du sous-sol.<br \/>\n&#8211; Amener les ordures du sous-sol sur le trottoir.<br \/>\n&#8211; Transporter le mobilier d\u00e9truit de la cave (y compris 10 cong\u00e9lateurs) \u00e0 l\u2019ext\u00e9rieur<img loading=\"lazy\" class=\"aligncenter\" src=\"http:\/\/kiwanis.be\/files\/images\/2021-07-Inondations\/manfred-2-1.png\" alt=\"\" width=\"263\" height=\"352\" \/><\/li>\n<\/ol>\n<\/li>\n<\/ol>\n<p>&nbsp;<\/p>\n<p>&nbsp;<\/p>\n<p><img loading=\"lazy\" class=\"aligncenter\" src=\"http:\/\/kiwanis.be\/files\/images\/2021-07-Inondations\/manfred-2-2.png\" alt=\"\" width=\"264\" height=\"352\" \/><\/p>\n<p>&nbsp;<\/p>\n<p><img loading=\"lazy\" class=\"aligncenter\" src=\"http:\/\/kiwanis.be\/files\/images\/2021-07-Inondations\/manfred-2-3.png\" alt=\"\" width=\"337\" height=\"253\" \/>\u00a0\u00a0<img loading=\"lazy\" class=\"aligncenter\" src=\"http:\/\/kiwanis.be\/files\/images\/2021-07-Inondations\/manfred-2-4.png\" alt=\"\" width=\"191\" height=\"253\" \/><\/p>\n<ol>\n<li><strong><em>Rencontre avec les gens sur place<br \/>\n<\/em><\/strong>Les rencontres avec les gens sur le terrain et leurs r\u00e9cits ont \u00e9t\u00e9 tr\u00e8s \u00e9mouvantes :<\/p>\n<ol>\n<li>Nous avons rencontr\u00e9 une femme vivant seule avec son fils, qui venait d\u2019acheter sa maison et qui l\u2019a enti\u00e8rement r\u00e9nov\u00e9e. Cette maison a \u00e9t\u00e9 emport\u00e9e par les inondations.<br \/>\nLa femme \u00e9tait dans un \u00e9tat psychologique d\u00e9plorable.<\/li>\n<li>Les r\u00e9cits des gens qui ont contribu\u00e9 au nettoyage :\n<ol>\n<li>L\u2019histoire d\u2019une femme \u00e2g\u00e9e au premier \u00e9tage de l\u2019autre c\u00f4t\u00e9 de la rue, qui, apr\u00e8s les efforts vains des auxiliaires, a pu \u00eatre sauv\u00e9e que par une aventureuse escalade d\u2019un \u00a0jeune homme africain.<\/li>\n<li>La mort tragique de toute une communaut\u00e9 domestique qui s\u2019est r\u00e9fugi\u00e9e sur le toit de sa maison, qui s\u2019est ensuite effondr\u00e9e.<\/li>\n<\/ol>\n<\/li>\n<li>Une aide \u00e9crasante<br \/>\nNous avons \u00e9galement \u00e9t\u00e9 t\u00e9moins d\u2019une grande volont\u00e9 d\u2019aider\u00a0:<\/p>\n<ol>\n<li>Un d\u00e9p\u00f4t a \u00e9t\u00e9 organis\u00e9 dans la rue Jean Simon, dans lequel les demandeurs d\u2019aide pouvaient recevoir des v\u00eatements et de la nourriture.<\/li>\n<li>Nous avons rencontr\u00e9 des amis des Kiwanis Luxembourgeois qui ont mis en place un camion-citerne avec de l\u2019eau potable et un camion entier remplis de bouteilles d\u2019eau.<\/li>\n<\/ol>\n<\/li>\n<li>La gratitude des personnes sur le terrain que nous avons aid\u00e9s a \u00e9galement \u00e9t\u00e9 tr\u00e8s impressionnante.<\/li>\n<\/ol>\n<\/li>\n<li><strong><em>R\u00e9sum\u00e9<\/em><\/strong>\n<ol>\n<li>Le point le plus d\u00e9courageant de l\u2019action \u00e9tait le manque de coordination.<br \/>\nLe fait que le point de contact indiqu\u00e9 (CPAS) n\u2019ait pas \u00e9t\u00e9 occup\u00e9 et qu\u2019aucun autre coordinateur n\u2019ait \u00e9t\u00e9 trouv\u00e9 a \u00e9t\u00e9 particuli\u00e8rement douloureux.<\/li>\n<li>Heureusement, nous avons trouv\u00e9 un site d\u2019intervention utile.<\/li>\n<li>La gratitude des populations locales a \u00e9t\u00e9 tr\u00e8s \u00e9mouvante.<\/li>\n<li>La collaboration efficace, amicale et confiante avec les gens sur place et parmi les amis kiwaniens a \u00e9t\u00e9 touchante et b\u00e9n\u00e9fique.<\/li>\n<\/ol>\n<\/li>\n<\/ol>\n<p><img loading=\"lazy\" class=\"alignnone size-medium wp-image-1029\" src=\"https:\/\/clients.webkrea.be\/kiwanis\/wp-content\/uploads\/sites\/22\/2021\/07\/manfred-3-1-300x225.png\" alt=\"\" width=\"300\" height=\"225\" srcset=\"https:\/\/webkrea.kiwanisbelux.site\/bruegel\/wp-content\/uploads\/sites\/22\/2021\/07\/manfred-3-1-300x225.png 300w, https:\/\/webkrea.kiwanisbelux.site\/bruegel\/wp-content\/uploads\/sites\/22\/2021\/07\/manfred-3-1-768x576.png 768w, https:\/\/webkrea.kiwanisbelux.site\/bruegel\/wp-content\/uploads\/sites\/22\/2021\/07\/manfred-3-1-200x150.png 200w, https:\/\/webkrea.kiwanisbelux.site\/bruegel\/wp-content\/uploads\/sites\/22\/2021\/07\/manfred-3-1-400x300.png 400w, https:\/\/webkrea.kiwanisbelux.site\/bruegel\/wp-content\/uploads\/sites\/22\/2021\/07\/manfred-3-1-600x450.png 600w, https:\/\/webkrea.kiwanisbelux.site\/bruegel\/wp-content\/uploads\/sites\/22\/2021\/07\/manfred-3-1-800x600.png 800w, https:\/\/webkrea.kiwanisbelux.site\/bruegel\/wp-content\/uploads\/sites\/22\/2021\/07\/manfred-3-1.png 1024w\" sizes=\"(max-width: 300px) 100vw, 300px\" \/><\/p>\n","protected":false},"excerpt":{"rendered":"<p>Rapport sur une op\u00e9ration d&rsquo;aide men\u00e9e par le Kiwanis Club Kelmis G\u00f6hltal le 23.07.2021 \u00e0 la suite des inondations catastrophiques \u00e0 Pepinster Chronologie Courrier du gouverneur-Elect Le 21 juillet, nous [&hellip;]<\/p>\n","protected":false},"author":2,"featured_media":0,"comment_status":"closed","ping_status":"closed","sticky":false,"template":"","format":"standard","meta":{"_et_pb_use_builder":"","_et_pb_old_content":"","_et_gb_content_width":""},"categories":[1],"tags":[],"yoast_head":"<!-- This site is optimized with the Yoast SEO plugin v19.8 - https:\/\/yoast.com\/wordpress\/plugins\/seo\/ -->\n<title>Une op\u00e9ration d&#039;aide par le KC Kelmis G\u00f6hltal - Kiwanis Dilbeek Bruegel<\/title>\n<meta name=\"robots\" content=\"noindex, follow, max-snippet:-1, max-image-preview:large, max-video-preview:-1\" \/>\n<meta property=\"og:locale\" content=\"fr_FR\" \/>\n<meta property=\"og:type\" content=\"article\" \/>\n<meta property=\"og:title\" content=\"Une op\u00e9ration d&#039;aide par le KC Kelmis G\u00f6hltal - Kiwanis Dilbeek Bruegel\" \/>\n<meta property=\"og:description\" content=\"Rapport sur une op\u00e9ration d&rsquo;aide men\u00e9e par le Kiwanis Club Kelmis G\u00f6hltal le 23.07.2021 \u00e0 la suite des inondations catastrophiques \u00e0 Pepinster Chronologie Courrier du gouverneur-Elect Le 21 juillet, nous [&hellip;]\" \/>\n<meta property=\"og:url\" content=\"https:\/\/webkrea.kiwanisbelux.site\/bruegel\/une-operation-daide-par-le-kc-kelmis-gohltal\/\" \/>\n<meta property=\"og:site_name\" content=\"Kiwanis Dilbeek Bruegel\" \/>\n<meta property=\"article:published_time\" content=\"2021-07-27T16:06:11+00:00\" \/>\n<meta property=\"article:modified_time\" content=\"2021-08-31T16:23:58+00:00\" \/>\n<meta property=\"og:image\" content=\"http:\/\/kiwanis.be\/files\/images\/2021-07-Inondations\/manfred-1-1.png\" \/>\n<meta name=\"author\" content=\"Thierry Wergifosse\" \/>\n<meta name=\"twitter:card\" content=\"summary_large_image\" \/>\n<meta name=\"twitter:label1\" content=\"\u00c9crit par\" \/>\n\t<meta name=\"twitter:data1\" content=\"Thierry Wergifosse\" \/>\n\t<meta name=\"twitter:label2\" content=\"Dur\u00e9e de lecture estim\u00e9e\" \/>\n\t<meta name=\"twitter:data2\" content=\"4 minutes\" \/>\n<script type=\"application\/ld+json\" class=\"yoast-schema-graph\">{\"@context\":\"https:\/\/schema.org\",\"@graph\":[{\"@type\":\"Article\",\"@id\":\"https:\/\/webkrea.kiwanisbelux.site\/bruegel\/une-operation-daide-par-le-kc-kelmis-gohltal\/#article\",\"isPartOf\":{\"@id\":\"https:\/\/webkrea.kiwanisbelux.site\/bruegel\/une-operation-daide-par-le-kc-kelmis-gohltal\/\"},\"author\":{\"name\":\"Thierry Wergifosse\",\"@id\":\"https:\/\/webkrea.kiwanisbelux.site\/bruegel\/#\/schema\/person\/51abb82d931525a42a33e229312624ae\"},\"headline\":\"Une op\u00e9ration d&rsquo;aide par le KC Kelmis G\u00f6hltal\",\"datePublished\":\"2021-07-27T16:06:11+00:00\",\"dateModified\":\"2021-08-31T16:23:58+00:00\",\"mainEntityOfPage\":{\"@id\":\"https:\/\/webkrea.kiwanisbelux.site\/bruegel\/une-operation-daide-par-le-kc-kelmis-gohltal\/\"},\"wordCount\":757,\"publisher\":{\"@id\":\"https:\/\/webkrea.kiwanisbelux.site\/bruegel\/#organization\"},\"articleSection\":[\"Non classifi\u00e9(e)\"],\"inLanguage\":\"fr-FR\"},{\"@type\":\"WebPage\",\"@id\":\"https:\/\/webkrea.kiwanisbelux.site\/bruegel\/une-operation-daide-par-le-kc-kelmis-gohltal\/\",\"url\":\"https:\/\/webkrea.kiwanisbelux.site\/bruegel\/une-operation-daide-par-le-kc-kelmis-gohltal\/\",\"name\":\"Une op\u00e9ration d'aide par le KC Kelmis G\u00f6hltal - Kiwanis Dilbeek Bruegel\",\"isPartOf\":{\"@id\":\"https:\/\/webkrea.kiwanisbelux.site\/bruegel\/#website\"},\"datePublished\":\"2021-07-27T16:06:11+00:00\",\"dateModified\":\"2021-08-31T16:23:58+00:00\",\"breadcrumb\":{\"@id\":\"https:\/\/webkrea.kiwanisbelux.site\/bruegel\/une-operation-daide-par-le-kc-kelmis-gohltal\/#breadcrumb\"},\"inLanguage\":\"fr-FR\",\"potentialAction\":[{\"@type\":\"ReadAction\",\"target\":[\"https:\/\/webkrea.kiwanisbelux.site\/bruegel\/une-operation-daide-par-le-kc-kelmis-gohltal\/\"]}]},{\"@type\":\"BreadcrumbList\",\"@id\":\"https:\/\/webkrea.kiwanisbelux.site\/bruegel\/une-operation-daide-par-le-kc-kelmis-gohltal\/#breadcrumb\",\"itemListElement\":[{\"@type\":\"ListItem\",\"position\":1,\"name\":\"Home\",\"item\":\"https:\/\/webkrea.kiwanisbelux.site\/bruegel\/\"},{\"@type\":\"ListItem\",\"position\":2,\"name\":\"Une op\u00e9ration d&#8217;aide par le KC Kelmis G\u00f6hltal\"}]},{\"@type\":\"WebSite\",\"@id\":\"https:\/\/webkrea.kiwanisbelux.site\/bruegel\/#website\",\"url\":\"https:\/\/webkrea.kiwanisbelux.site\/bruegel\/\",\"name\":\"Kiwanis Dilbeek Bruegel\",\"description\":\"\",\"publisher\":{\"@id\":\"https:\/\/webkrea.kiwanisbelux.site\/bruegel\/#organization\"},\"potentialAction\":[{\"@type\":\"SearchAction\",\"target\":{\"@type\":\"EntryPoint\",\"urlTemplate\":\"https:\/\/webkrea.kiwanisbelux.site\/bruegel\/?s={search_term_string}\"},\"query-input\":\"required name=search_term_string\"}],\"inLanguage\":\"fr-FR\"},{\"@type\":\"Organization\",\"@id\":\"https:\/\/webkrea.kiwanisbelux.site\/bruegel\/#organization\",\"name\":\"Kiwanis\",\"url\":\"https:\/\/webkrea.kiwanisbelux.site\/bruegel\/\",\"sameAs\":[],\"logo\":{\"@type\":\"ImageObject\",\"inLanguage\":\"fr-FR\",\"@id\":\"https:\/\/webkrea.kiwanisbelux.site\/bruegel\/#\/schema\/logo\/image\/\",\"url\":\"https:\/\/webkrea.kiwanisbelux.site\/bruegel\/wp-content\/uploads\/sites\/22\/2021\/04\/kiwanis-logo@2x.png\",\"contentUrl\":\"https:\/\/webkrea.kiwanisbelux.site\/bruegel\/wp-content\/uploads\/sites\/22\/2021\/04\/kiwanis-logo@2x.png\",\"width\":555,\"height\":100,\"caption\":\"Kiwanis\"},\"image\":{\"@id\":\"https:\/\/webkrea.kiwanisbelux.site\/bruegel\/#\/schema\/logo\/image\/\"}},{\"@type\":\"Person\",\"@id\":\"https:\/\/webkrea.kiwanisbelux.site\/bruegel\/#\/schema\/person\/51abb82d931525a42a33e229312624ae\",\"name\":\"Thierry Wergifosse\",\"image\":{\"@type\":\"ImageObject\",\"inLanguage\":\"fr-FR\",\"@id\":\"https:\/\/webkrea.kiwanisbelux.site\/bruegel\/#\/schema\/person\/image\/\",\"url\":\"https:\/\/secure.gravatar.com\/avatar\/264f92f24514d2db99cc78de50296e65?s=96&d=mm&r=g\",\"contentUrl\":\"https:\/\/secure.gravatar.com\/avatar\/264f92f24514d2db99cc78de50296e65?s=96&d=mm&r=g\",\"caption\":\"Thierry Wergifosse\"},\"url\":\"https:\/\/webkrea.kiwanisbelux.site\/bruegel\/author\/thierry\/\"}]}<\/script>\n<!-- \/ Yoast SEO plugin. -->","yoast_head_json":{"title":"Une op\u00e9ration d'aide par le KC Kelmis G\u00f6hltal - Kiwanis Dilbeek Bruegel","robots":{"index":"noindex","follow":"follow","max-snippet":"max-snippet:-1","max-image-preview":"max-image-preview:large","max-video-preview":"max-video-preview:-1"},"og_locale":"fr_FR","og_type":"article","og_title":"Une op\u00e9ration d'aide par le KC Kelmis G\u00f6hltal - Kiwanis Dilbeek Bruegel","og_description":"Rapport sur une op\u00e9ration d&rsquo;aide men\u00e9e par le Kiwanis Club Kelmis G\u00f6hltal le 23.07.2021 \u00e0 la suite des inondations catastrophiques \u00e0 Pepinster Chronologie Courrier du gouverneur-Elect Le 21 juillet, nous [&hellip;]","og_url":"https:\/\/webkrea.kiwanisbelux.site\/bruegel\/une-operation-daide-par-le-kc-kelmis-gohltal\/","og_site_name":"Kiwanis Dilbeek Bruegel","article_published_time":"2021-07-27T16:06:11+00:00","article_modified_time":"2021-08-31T16:23:58+00:00","og_image":[{"url":"http:\/\/kiwanis.be\/files\/images\/2021-07-Inondations\/manfred-1-1.png"}],"author":"Thierry Wergifosse","twitter_card":"summary_large_image","twitter_misc":{"\u00c9crit par":"Thierry Wergifosse","Dur\u00e9e de lecture estim\u00e9e":"4 minutes"},"schema":{"@context":"https:\/\/schema.org","@graph":[{"@type":"Article","@id":"https:\/\/webkrea.kiwanisbelux.site\/bruegel\/une-operation-daide-par-le-kc-kelmis-gohltal\/#article","isPartOf":{"@id":"https:\/\/webkrea.kiwanisbelux.site\/bruegel\/une-operation-daide-par-le-kc-kelmis-gohltal\/"},"author":{"name":"Thierry Wergifosse","@id":"https:\/\/webkrea.kiwanisbelux.site\/bruegel\/#\/schema\/person\/51abb82d931525a42a33e229312624ae"},"headline":"Une op\u00e9ration d&rsquo;aide par le KC Kelmis G\u00f6hltal","datePublished":"2021-07-27T16:06:11+00:00","dateModified":"2021-08-31T16:23:58+00:00","mainEntityOfPage":{"@id":"https:\/\/webkrea.kiwanisbelux.site\/bruegel\/une-operation-daide-par-le-kc-kelmis-gohltal\/"},"wordCount":757,"publisher":{"@id":"https:\/\/webkrea.kiwanisbelux.site\/bruegel\/#organization"},"articleSection":["Non classifi\u00e9(e)"],"inLanguage":"fr-FR"},{"@type":"WebPage","@id":"https:\/\/webkrea.kiwanisbelux.site\/bruegel\/une-operation-daide-par-le-kc-kelmis-gohltal\/","url":"https:\/\/webkrea.kiwanisbelux.site\/bruegel\/une-operation-daide-par-le-kc-kelmis-gohltal\/","name":"Une op\u00e9ration d'aide par le KC Kelmis G\u00f6hltal - Kiwanis Dilbeek Bruegel","isPartOf":{"@id":"https:\/\/webkrea.kiwanisbelux.site\/bruegel\/#website"},"datePublished":"2021-07-27T16:06:11+00:00","dateModified":"2021-08-31T16:23:58+00:00","breadcrumb":{"@id":"https:\/\/webkrea.kiwanisbelux.site\/bruegel\/une-operation-daide-par-le-kc-kelmis-gohltal\/#breadcrumb"},"inLanguage":"fr-FR","potentialAction":[{"@type":"ReadAction","target":["https:\/\/webkrea.kiwanisbelux.site\/bruegel\/une-operation-daide-par-le-kc-kelmis-gohltal\/"]}]},{"@type":"BreadcrumbList","@id":"https:\/\/webkrea.kiwanisbelux.site\/bruegel\/une-operation-daide-par-le-kc-kelmis-gohltal\/#breadcrumb","itemListElement":[{"@type":"ListItem","position":1,"name":"Home","item":"https:\/\/webkrea.kiwanisbelux.site\/bruegel\/"},{"@type":"ListItem","position":2,"name":"Une op\u00e9ration d&#8217;aide par le KC Kelmis G\u00f6hltal"}]},{"@type":"WebSite","@id":"https:\/\/webkrea.kiwanisbelux.site\/bruegel\/#website","url":"https:\/\/webkrea.kiwanisbelux.site\/bruegel\/","name":"Kiwanis Dilbeek Bruegel","description":"","publisher":{"@id":"https:\/\/webkrea.kiwanisbelux.site\/bruegel\/#organization"},"potentialAction":[{"@type":"SearchAction","target":{"@type":"EntryPoint","urlTemplate":"https:\/\/webkrea.kiwanisbelux.site\/bruegel\/?s={search_term_string}"},"query-input":"required name=search_term_string"}],"inLanguage":"fr-FR"},{"@type":"Organization","@id":"https:\/\/webkrea.kiwanisbelux.site\/bruegel\/#organization","name":"Kiwanis","url":"https:\/\/webkrea.kiwanisbelux.site\/bruegel\/","sameAs":[],"logo":{"@type":"ImageObject","inLanguage":"fr-FR","@id":"https:\/\/webkrea.kiwanisbelux.site\/bruegel\/#\/schema\/logo\/image\/","url":"https:\/\/webkrea.kiwanisbelux.site\/bruegel\/wp-content\/uploads\/sites\/22\/2021\/04\/kiwanis-logo@2x.png","contentUrl":"https:\/\/webkrea.kiwanisbelux.site\/bruegel\/wp-content\/uploads\/sites\/22\/2021\/04\/kiwanis-logo@2x.png","width":555,"height":100,"caption":"Kiwanis"},"image":{"@id":"https:\/\/webkrea.kiwanisbelux.site\/bruegel\/#\/schema\/logo\/image\/"}},{"@type":"Person","@id":"https:\/\/webkrea.kiwanisbelux.site\/bruegel\/#\/schema\/person\/51abb82d931525a42a33e229312624ae","name":"Thierry Wergifosse","image":{"@type":"ImageObject","inLanguage":"fr-FR","@id":"https:\/\/webkrea.kiwanisbelux.site\/bruegel\/#\/schema\/person\/image\/","url":"https:\/\/secure.gravatar.com\/avatar\/264f92f24514d2db99cc78de50296e65?s=96&d=mm&r=g","contentUrl":"https:\/\/secure.gravatar.com\/avatar\/264f92f24514d2db99cc78de50296e65?s=96&d=mm&r=g","caption":"Thierry Wergifosse"},"url":"https:\/\/webkrea.kiwanisbelux.site\/bruegel\/author\/thierry\/"}]}},"_links":{"self":[{"href":"https:\/\/webkrea.kiwanisbelux.site\/bruegel\/wp-json\/wp\/v2\/posts\/1005"}],"collection":[{"href":"https:\/\/webkrea.kiwanisbelux.site\/bruegel\/wp-json\/wp\/v2\/posts"}],"about":[{"href":"https:\/\/webkrea.kiwanisbelux.site\/bruegel\/wp-json\/wp\/v2\/types\/post"}],"author":[{"embeddable":true,"href":"https:\/\/webkrea.kiwanisbelux.site\/bruegel\/wp-json\/wp\/v2\/users\/2"}],"replies":[{"embeddable":true,"href":"https:\/\/webkrea.kiwanisbelux.site\/bruegel\/wp-json\/wp\/v2\/comments?post=1005"}],"version-history":[{"count":10,"href":"https:\/\/webkrea.kiwanisbelux.site\/bruegel\/wp-json\/wp\/v2\/posts\/1005\/revisions"}],"predecessor-version":[{"id":1007,"href":"https:\/\/webkrea.kiwanisbelux.site\/bruegel\/wp-json\/wp\/v2\/posts\/1005\/revisions\/1007"}],"wp:attachment":[{"href":"https:\/\/webkrea.kiwanisbelux.site\/bruegel\/wp-json\/wp\/v2\/media?parent=1005"}],"wp:term":[{"taxonomy":"category","embeddable":true,"href":"https:\/\/webkrea.kiwanisbelux.site\/bruegel\/wp-json\/wp\/v2\/categories?post=1005"},{"taxonomy":"post_tag","embeddable":true,"href":"https:\/\/webkrea.kiwanisbelux.site\/bruegel\/wp-json\/wp\/v2\/tags?post=1005"}],"curies":[{"name":"wp","href":"https:\/\/api.w.org\/{rel}","templated":true}]}}