{"id":1000,"date":"2021-08-04T17:53:50","date_gmt":"2021-08-04T15:53:50","guid":{"rendered":"https:\/\/clients.webkrea.be\/kiwanis\/?p=1000"},"modified":"2021-08-31T18:05:53","modified_gmt":"2021-08-31T16:05:53","slug":"inondations-etat-des-lieux-apres-deux-semaines","status":"publish","type":"post","link":"https:\/\/webkrea.kiwanisbelux.site\/bruegel\/inondations-etat-des-lieux-apres-deux-semaines\/","title":{"rendered":"Inondations : \u00e9tat des lieux apr\u00e8s deux semaines"},"content":{"rendered":"<p>Chers amis Kiwaniens,<\/p>\n<p>Voici deux semaines notre district \u00e9tait violemment frapp\u00e9 par des inondations sans pr\u00e9c\u00e9dent. Il est temps de vous donner quelques informations concr\u00e8tes sur l\u2019action de solidarit\u00e9 men\u00e9e par de tr\u00e8s nombreux kiwaniens.<\/p>\n<p>Comme vous l\u2019aurez lu dans nos messages pr\u00e9c\u00e9dents, plusieurs dizaines de kiwaniens se sont retrouv\u00e9s dans les zones sinistr\u00e9es, \u00e0 c\u00f4t\u00e9 des victimes de la catastrophe, pour les aider dans les travaux de d\u00e9blayage des d\u00e9combres, de nettoyage des maisons, pr\u00e9parer et distribuer des repas, apporter des vivres, des v\u00eatements, et encore bien d\u2019autres actions toutes plus utiles les unes que les autres.<\/p>\n<p>\u00c0 c\u00f4t\u00e9 de ces kiwaniens sur le terrain, une cellule de coordination de 8 personnes s\u2019est imm\u00e9diatement mise en place pour organiser l\u2019aide propos\u00e9e par les nombreux clubs et membres qui nous appelaient pour aider. Cette cellule a aussi fourni un travail remarquable de fa\u00e7on \u00e0 rendre notre aide efficace en d\u00e9finissant ce qui \u00e9tait n\u00e9cessaire sur place, en dirigeant les aides vers les endroits appropri\u00e9s, et en contactant de nombreuses entreprises pour obtenir le mat\u00e9riel n\u00e9cessaire.<\/p>\n<p>Toutes ces actions ont permis de livrer aux sinistr\u00e9s, par les Kiwaniens ou gr\u00e2ce \u00e0 leurs initiatives, le mat\u00e9riel suivant (jusqu\u2019\u00e0 pr\u00e9sent) : 40 Tonnes de v\u00eatements, plus de 2,5 tonnes de vivres, une citerne de 20.000 litres d\u2019eau potable + 100 palettes d\u2019eau en bouteilles, 4 palettes de caf\u00e9, 3 palettes de lait, 4 palettes de c\u00e9r\u00e9ales, plus de deux palettes de produits et de mat\u00e9riel de nettoyage, des milliers d\u2019articles scolaires pour pr\u00e9parer la rentr\u00e9e des enfants, etc\u2026<br \/>\nSur le terrain, les kiwaniens ont aid\u00e9 au nettoyage de +\/- 60 maisons sinistr\u00e9es, gr\u00e2ce \u00e0 une vingtaine de b\u00e9n\u00e9voles en moyenne par jour actifs sur le terrain, et ce sur une dizaine de sites diff\u00e9rents (Verviers, Pepinster, Stembert, Li\u00e8ge, Angleur,\u2026).<\/p>\n<p>Nous avons actuellement aussi r\u00e9colt\u00e9 plus de 35.000 \u20ac gr\u00e2ce \u00e0 vos dons sur les deux comptes communiqu\u00e9s dans nos messages pr\u00e9c\u00e9dents.<br \/>\nCe bilan peut \u00eatre consid\u00e9r\u00e9 comme minimaliste car il ne tient pas compte des aides probablement nombreuses qui ne sont pas pass\u00e9es par notre plateforme et qui ne nous ont pas \u00e9t\u00e9 signal\u00e9es.<\/p>\n<p>Nous ne pouvons que vous f\u00e9liciter et vous remercier pour ce magnifique \u00e9lan de solidarit\u00e9 qui s\u2019est manifest\u00e9 des quatre coins de notre district ! Malheureusement, ce n\u2019est pas encore termin\u00e9, et il y a encore beaucoup de choses \u00e0 faire !<\/p>\n<p>Que pouvons-nous encore faire aujourd\u2019hui ?<\/p>\n<p><strong>Besoins urgents<\/strong> : Les besoins en v\u00eatements, aliments et eau sont aujourd\u2019hui rencontr\u00e9s (la Croix Rouge a pris en mains la distribution de nourriture).<\/p>\n<ul>\n<li>Des dizaines de maisons doivent encore urgemment \u00eatre nettoy\u00e9es ; nous avons donc besoin de main d\u2019\u0153uvre sur les sites sinistr\u00e9s;<\/li>\n<li>Nous avons aussi besoin de produits et de mat\u00e9riel de nettoyage :vinaigre blanc, bicarbonate de soude, des brosses, des raclettes, des torchons, des seaux, etc\u2026<\/li>\n<li>\nDu (petit) mat\u00e9riel de premiers soins : \u00e9ther, d\u00e9sinfectants, sparadraps, mercurochrome, etc\u2026<\/li>\n<\/ul>\n<p><strong>Pr\u00e9paration retour \u00e0 l\u2019\u00e9cole<\/strong> : nous voulons permettre aux enfants sinistr\u00e9s une rentr\u00e9e scolaire aussi normale que possible ; nous cherchons donc tout le mat\u00e9riel scolaire habituel : mallettes\/sacs \u00e0 dos, crayons (couleurs), stylos \u00e0 bille, taille-crayons, plumiers, compas, etc\u2026<\/p>\n<p>Nous lan\u00e7ons ce jour une action sp\u00e9cifique \u00ab <strong>K4Kids : De retour \u00e0 l\u2019\u00e9cole<\/strong> \u00bb, afin d\u2019aider un maximum d\u2019enfants. Nous vous tiendrons inform\u00e9s de cette action lors de messages ult\u00e9rieurs, mais aussi via le site du district et la page FaceBook.<\/p>\n<p><strong>Nous avons d\u00e9j\u00e0 obtenu \u00e0 ce jour l\u2019aide importante d\u2019une dizaine d\u2019entreprises dans le secteur du mat\u00e9riel scolaire<\/strong>. Mais ici aussi les besoins sur place sont \u00e9normes et vous seront pr\u00e9cis\u00e9s en temps opportun.<\/p>\n<p><strong>Versements en argent<\/strong> : les clubs peuvent toujours faire des versements sur les comptes bancaires suivants :<\/p>\n<ul>\n<li>Compte de Kiwanis Foundation Luxembourg : LU41 0027 1100 1845 3700<\/li>\n<li>Compte district Belgique-Luxembourg : BE14 1030 7535 1183<\/li>\n<\/ul>\n<p>Avec la communication : K4KIDS \u2013 \u00ab nom du club \u00bb<\/p>\n<p>Ces fonds sont et seront encore utilis\u00e9s pour les besoins qui ne sont pas couverts par des dons : achat mat\u00e9riel, stockage, transport mat\u00e9riel, \u2026<\/p>\n<p>&nbsp;<\/p>\n<p>Pour rappel, nous demandons que toute demande ou proposition d\u2019aide soit mentionn\u00e9e sur notre plateforme via le mail <a href=\"mailto:info@k4kids.be\">info@k4kids.be<\/a>, afin de continuer \u00e0 coordonner notre action. Si vous voulez plus d\u2019informations sur la situation sur le terrain, n\u2019h\u00e9sitez pas \u00e0 consulter la page FaceBook sp\u00e9cifique <a href=\"https:\/\/www.facebook.com\/KiwanisForKids\" target=\"_blank\" rel=\"noopener\">www.facebook.com\/KiwanisForKids<\/a>.<\/p>\n<p>Cette solidarit\u00e9 nous rappelle pourquoi nous sommes kiwaniens !<\/p>\n<p>AmiKalement,<\/p>\n<p>Au nom du Bureau Ex\u00e9cutif du District,<\/p>\n<p>Michel<\/p>\n","protected":false},"excerpt":{"rendered":"<p>Chers amis Kiwaniens, Voici deux semaines notre district \u00e9tait violemment frapp\u00e9 par des inondations sans pr\u00e9c\u00e9dent. Il est temps de vous donner quelques informations concr\u00e8tes sur l\u2019action de solidarit\u00e9 men\u00e9e [&hellip;]<\/p>\n","protected":false},"author":2,"featured_media":0,"comment_status":"closed","ping_status":"closed","sticky":false,"template":"","format":"standard","meta":{"_et_pb_use_builder":"","_et_pb_old_content":"","_et_gb_content_width":""},"categories":[1],"tags":[],"yoast_head":"<!-- This site is optimized with the Yoast SEO plugin v19.8 - https:\/\/yoast.com\/wordpress\/plugins\/seo\/ -->\n<title>Inondations : \u00e9tat des lieux apr\u00e8s deux semaines - Kiwanis Dilbeek Bruegel<\/title>\n<meta name=\"robots\" content=\"noindex, follow, max-snippet:-1, max-image-preview:large, max-video-preview:-1\" \/>\n<meta property=\"og:locale\" content=\"fr_FR\" \/>\n<meta property=\"og:type\" content=\"article\" \/>\n<meta property=\"og:title\" content=\"Inondations : \u00e9tat des lieux apr\u00e8s deux semaines - Kiwanis Dilbeek Bruegel\" \/>\n<meta property=\"og:description\" content=\"Chers amis Kiwaniens, Voici deux semaines notre district \u00e9tait violemment frapp\u00e9 par des inondations sans pr\u00e9c\u00e9dent. Il est temps de vous donner quelques informations concr\u00e8tes sur l\u2019action de solidarit\u00e9 men\u00e9e [&hellip;]\" \/>\n<meta property=\"og:url\" content=\"https:\/\/webkrea.kiwanisbelux.site\/bruegel\/inondations-etat-des-lieux-apres-deux-semaines\/\" \/>\n<meta property=\"og:site_name\" content=\"Kiwanis Dilbeek Bruegel\" \/>\n<meta property=\"article:published_time\" content=\"2021-08-04T15:53:50+00:00\" \/>\n<meta property=\"article:modified_time\" content=\"2021-08-31T16:05:53+00:00\" \/>\n<meta name=\"author\" content=\"Thierry Wergifosse\" \/>\n<meta name=\"twitter:card\" content=\"summary_large_image\" \/>\n<meta name=\"twitter:label1\" content=\"\u00c9crit par\" \/>\n\t<meta name=\"twitter:data1\" content=\"Thierry Wergifosse\" \/>\n\t<meta name=\"twitter:label2\" content=\"Dur\u00e9e de lecture estim\u00e9e\" \/>\n\t<meta name=\"twitter:data2\" content=\"4 minutes\" \/>\n<script type=\"application\/ld+json\" class=\"yoast-schema-graph\">{\"@context\":\"https:\/\/schema.org\",\"@graph\":[{\"@type\":\"Article\",\"@id\":\"https:\/\/webkrea.kiwanisbelux.site\/bruegel\/inondations-etat-des-lieux-apres-deux-semaines\/#article\",\"isPartOf\":{\"@id\":\"https:\/\/webkrea.kiwanisbelux.site\/bruegel\/inondations-etat-des-lieux-apres-deux-semaines\/\"},\"author\":{\"name\":\"Thierry Wergifosse\",\"@id\":\"https:\/\/webkrea.kiwanisbelux.site\/bruegel\/#\/schema\/person\/51abb82d931525a42a33e229312624ae\"},\"headline\":\"Inondations : \u00e9tat des lieux apr\u00e8s deux semaines\",\"datePublished\":\"2021-08-04T15:53:50+00:00\",\"dateModified\":\"2021-08-31T16:05:53+00:00\",\"mainEntityOfPage\":{\"@id\":\"https:\/\/webkrea.kiwanisbelux.site\/bruegel\/inondations-etat-des-lieux-apres-deux-semaines\/\"},\"wordCount\":791,\"publisher\":{\"@id\":\"https:\/\/webkrea.kiwanisbelux.site\/bruegel\/#organization\"},\"articleSection\":[\"Non classifi\u00e9(e)\"],\"inLanguage\":\"fr-FR\"},{\"@type\":\"WebPage\",\"@id\":\"https:\/\/webkrea.kiwanisbelux.site\/bruegel\/inondations-etat-des-lieux-apres-deux-semaines\/\",\"url\":\"https:\/\/webkrea.kiwanisbelux.site\/bruegel\/inondations-etat-des-lieux-apres-deux-semaines\/\",\"name\":\"Inondations : \u00e9tat des lieux apr\u00e8s deux semaines - Kiwanis Dilbeek Bruegel\",\"isPartOf\":{\"@id\":\"https:\/\/webkrea.kiwanisbelux.site\/bruegel\/#website\"},\"datePublished\":\"2021-08-04T15:53:50+00:00\",\"dateModified\":\"2021-08-31T16:05:53+00:00\",\"breadcrumb\":{\"@id\":\"https:\/\/webkrea.kiwanisbelux.site\/bruegel\/inondations-etat-des-lieux-apres-deux-semaines\/#breadcrumb\"},\"inLanguage\":\"fr-FR\",\"potentialAction\":[{\"@type\":\"ReadAction\",\"target\":[\"https:\/\/webkrea.kiwanisbelux.site\/bruegel\/inondations-etat-des-lieux-apres-deux-semaines\/\"]}]},{\"@type\":\"BreadcrumbList\",\"@id\":\"https:\/\/webkrea.kiwanisbelux.site\/bruegel\/inondations-etat-des-lieux-apres-deux-semaines\/#breadcrumb\",\"itemListElement\":[{\"@type\":\"ListItem\",\"position\":1,\"name\":\"Home\",\"item\":\"https:\/\/webkrea.kiwanisbelux.site\/bruegel\/\"},{\"@type\":\"ListItem\",\"position\":2,\"name\":\"Inondations : \u00e9tat des lieux apr\u00e8s deux semaines\"}]},{\"@type\":\"WebSite\",\"@id\":\"https:\/\/webkrea.kiwanisbelux.site\/bruegel\/#website\",\"url\":\"https:\/\/webkrea.kiwanisbelux.site\/bruegel\/\",\"name\":\"Kiwanis Dilbeek Bruegel\",\"description\":\"\",\"publisher\":{\"@id\":\"https:\/\/webkrea.kiwanisbelux.site\/bruegel\/#organization\"},\"potentialAction\":[{\"@type\":\"SearchAction\",\"target\":{\"@type\":\"EntryPoint\",\"urlTemplate\":\"https:\/\/webkrea.kiwanisbelux.site\/bruegel\/?s={search_term_string}\"},\"query-input\":\"required name=search_term_string\"}],\"inLanguage\":\"fr-FR\"},{\"@type\":\"Organization\",\"@id\":\"https:\/\/webkrea.kiwanisbelux.site\/bruegel\/#organization\",\"name\":\"Kiwanis\",\"url\":\"https:\/\/webkrea.kiwanisbelux.site\/bruegel\/\",\"sameAs\":[],\"logo\":{\"@type\":\"ImageObject\",\"inLanguage\":\"fr-FR\",\"@id\":\"https:\/\/webkrea.kiwanisbelux.site\/bruegel\/#\/schema\/logo\/image\/\",\"url\":\"https:\/\/webkrea.kiwanisbelux.site\/bruegel\/wp-content\/uploads\/sites\/22\/2021\/04\/kiwanis-logo@2x.png\",\"contentUrl\":\"https:\/\/webkrea.kiwanisbelux.site\/bruegel\/wp-content\/uploads\/sites\/22\/2021\/04\/kiwanis-logo@2x.png\",\"width\":555,\"height\":100,\"caption\":\"Kiwanis\"},\"image\":{\"@id\":\"https:\/\/webkrea.kiwanisbelux.site\/bruegel\/#\/schema\/logo\/image\/\"}},{\"@type\":\"Person\",\"@id\":\"https:\/\/webkrea.kiwanisbelux.site\/bruegel\/#\/schema\/person\/51abb82d931525a42a33e229312624ae\",\"name\":\"Thierry Wergifosse\",\"image\":{\"@type\":\"ImageObject\",\"inLanguage\":\"fr-FR\",\"@id\":\"https:\/\/webkrea.kiwanisbelux.site\/bruegel\/#\/schema\/person\/image\/\",\"url\":\"https:\/\/secure.gravatar.com\/avatar\/264f92f24514d2db99cc78de50296e65?s=96&d=mm&r=g\",\"contentUrl\":\"https:\/\/secure.gravatar.com\/avatar\/264f92f24514d2db99cc78de50296e65?s=96&d=mm&r=g\",\"caption\":\"Thierry Wergifosse\"},\"url\":\"https:\/\/webkrea.kiwanisbelux.site\/bruegel\/author\/thierry\/\"}]}<\/script>\n<!-- \/ Yoast SEO plugin. -->","yoast_head_json":{"title":"Inondations : \u00e9tat des lieux apr\u00e8s deux semaines - Kiwanis Dilbeek Bruegel","robots":{"index":"noindex","follow":"follow","max-snippet":"max-snippet:-1","max-image-preview":"max-image-preview:large","max-video-preview":"max-video-preview:-1"},"og_locale":"fr_FR","og_type":"article","og_title":"Inondations : \u00e9tat des lieux apr\u00e8s deux semaines - Kiwanis Dilbeek Bruegel","og_description":"Chers amis Kiwaniens, Voici deux semaines notre district \u00e9tait violemment frapp\u00e9 par des inondations sans pr\u00e9c\u00e9dent. Il est temps de vous donner quelques informations concr\u00e8tes sur l\u2019action de solidarit\u00e9 men\u00e9e [&hellip;]","og_url":"https:\/\/webkrea.kiwanisbelux.site\/bruegel\/inondations-etat-des-lieux-apres-deux-semaines\/","og_site_name":"Kiwanis Dilbeek Bruegel","article_published_time":"2021-08-04T15:53:50+00:00","article_modified_time":"2021-08-31T16:05:53+00:00","author":"Thierry Wergifosse","twitter_card":"summary_large_image","twitter_misc":{"\u00c9crit par":"Thierry Wergifosse","Dur\u00e9e de lecture estim\u00e9e":"4 minutes"},"schema":{"@context":"https:\/\/schema.org","@graph":[{"@type":"Article","@id":"https:\/\/webkrea.kiwanisbelux.site\/bruegel\/inondations-etat-des-lieux-apres-deux-semaines\/#article","isPartOf":{"@id":"https:\/\/webkrea.kiwanisbelux.site\/bruegel\/inondations-etat-des-lieux-apres-deux-semaines\/"},"author":{"name":"Thierry Wergifosse","@id":"https:\/\/webkrea.kiwanisbelux.site\/bruegel\/#\/schema\/person\/51abb82d931525a42a33e229312624ae"},"headline":"Inondations : \u00e9tat des lieux apr\u00e8s deux semaines","datePublished":"2021-08-04T15:53:50+00:00","dateModified":"2021-08-31T16:05:53+00:00","mainEntityOfPage":{"@id":"https:\/\/webkrea.kiwanisbelux.site\/bruegel\/inondations-etat-des-lieux-apres-deux-semaines\/"},"wordCount":791,"publisher":{"@id":"https:\/\/webkrea.kiwanisbelux.site\/bruegel\/#organization"},"articleSection":["Non classifi\u00e9(e)"],"inLanguage":"fr-FR"},{"@type":"WebPage","@id":"https:\/\/webkrea.kiwanisbelux.site\/bruegel\/inondations-etat-des-lieux-apres-deux-semaines\/","url":"https:\/\/webkrea.kiwanisbelux.site\/bruegel\/inondations-etat-des-lieux-apres-deux-semaines\/","name":"Inondations : \u00e9tat des lieux apr\u00e8s deux semaines - Kiwanis Dilbeek Bruegel","isPartOf":{"@id":"https:\/\/webkrea.kiwanisbelux.site\/bruegel\/#website"},"datePublished":"2021-08-04T15:53:50+00:00","dateModified":"2021-08-31T16:05:53+00:00","breadcrumb":{"@id":"https:\/\/webkrea.kiwanisbelux.site\/bruegel\/inondations-etat-des-lieux-apres-deux-semaines\/#breadcrumb"},"inLanguage":"fr-FR","potentialAction":[{"@type":"ReadAction","target":["https:\/\/webkrea.kiwanisbelux.site\/bruegel\/inondations-etat-des-lieux-apres-deux-semaines\/"]}]},{"@type":"BreadcrumbList","@id":"https:\/\/webkrea.kiwanisbelux.site\/bruegel\/inondations-etat-des-lieux-apres-deux-semaines\/#breadcrumb","itemListElement":[{"@type":"ListItem","position":1,"name":"Home","item":"https:\/\/webkrea.kiwanisbelux.site\/bruegel\/"},{"@type":"ListItem","position":2,"name":"Inondations : \u00e9tat des lieux apr\u00e8s deux semaines"}]},{"@type":"WebSite","@id":"https:\/\/webkrea.kiwanisbelux.site\/bruegel\/#website","url":"https:\/\/webkrea.kiwanisbelux.site\/bruegel\/","name":"Kiwanis Dilbeek Bruegel","description":"","publisher":{"@id":"https:\/\/webkrea.kiwanisbelux.site\/bruegel\/#organization"},"potentialAction":[{"@type":"SearchAction","target":{"@type":"EntryPoint","urlTemplate":"https:\/\/webkrea.kiwanisbelux.site\/bruegel\/?s={search_term_string}"},"query-input":"required name=search_term_string"}],"inLanguage":"fr-FR"},{"@type":"Organization","@id":"https:\/\/webkrea.kiwanisbelux.site\/bruegel\/#organization","name":"Kiwanis","url":"https:\/\/webkrea.kiwanisbelux.site\/bruegel\/","sameAs":[],"logo":{"@type":"ImageObject","inLanguage":"fr-FR","@id":"https:\/\/webkrea.kiwanisbelux.site\/bruegel\/#\/schema\/logo\/image\/","url":"https:\/\/webkrea.kiwanisbelux.site\/bruegel\/wp-content\/uploads\/sites\/22\/2021\/04\/kiwanis-logo@2x.png","contentUrl":"https:\/\/webkrea.kiwanisbelux.site\/bruegel\/wp-content\/uploads\/sites\/22\/2021\/04\/kiwanis-logo@2x.png","width":555,"height":100,"caption":"Kiwanis"},"image":{"@id":"https:\/\/webkrea.kiwanisbelux.site\/bruegel\/#\/schema\/logo\/image\/"}},{"@type":"Person","@id":"https:\/\/webkrea.kiwanisbelux.site\/bruegel\/#\/schema\/person\/51abb82d931525a42a33e229312624ae","name":"Thierry Wergifosse","image":{"@type":"ImageObject","inLanguage":"fr-FR","@id":"https:\/\/webkrea.kiwanisbelux.site\/bruegel\/#\/schema\/person\/image\/","url":"https:\/\/secure.gravatar.com\/avatar\/264f92f24514d2db99cc78de50296e65?s=96&d=mm&r=g","contentUrl":"https:\/\/secure.gravatar.com\/avatar\/264f92f24514d2db99cc78de50296e65?s=96&d=mm&r=g","caption":"Thierry Wergifosse"},"url":"https:\/\/webkrea.kiwanisbelux.site\/bruegel\/author\/thierry\/"}]}},"_links":{"self":[{"href":"https:\/\/webkrea.kiwanisbelux.site\/bruegel\/wp-json\/wp\/v2\/posts\/1000"}],"collection":[{"href":"https:\/\/webkrea.kiwanisbelux.site\/bruegel\/wp-json\/wp\/v2\/posts"}],"about":[{"href":"https:\/\/webkrea.kiwanisbelux.site\/bruegel\/wp-json\/wp\/v2\/types\/post"}],"author":[{"embeddable":true,"href":"https:\/\/webkrea.kiwanisbelux.site\/bruegel\/wp-json\/wp\/v2\/users\/2"}],"replies":[{"embeddable":true,"href":"https:\/\/webkrea.kiwanisbelux.site\/bruegel\/wp-json\/wp\/v2\/comments?post=1000"}],"version-history":[{"count":2,"href":"https:\/\/webkrea.kiwanisbelux.site\/bruegel\/wp-json\/wp\/v2\/posts\/1000\/revisions"}],"predecessor-version":[{"id":1004,"href":"https:\/\/webkrea.kiwanisbelux.site\/bruegel\/wp-json\/wp\/v2\/posts\/1000\/revisions\/1004"}],"wp:attachment":[{"href":"https:\/\/webkrea.kiwanisbelux.site\/bruegel\/wp-json\/wp\/v2\/media?parent=1000"}],"wp:term":[{"taxonomy":"category","embeddable":true,"href":"https:\/\/webkrea.kiwanisbelux.site\/bruegel\/wp-json\/wp\/v2\/categories?post=1000"},{"taxonomy":"post_tag","embeddable":true,"href":"https:\/\/webkrea.kiwanisbelux.site\/bruegel\/wp-json\/wp\/v2\/tags?post=1000"}],"curies":[{"name":"wp","href":"https:\/\/api.w.org\/{rel}","templated":true}]}}